{"id":1490,"date":"2019-05-12T11:26:52","date_gmt":"2019-05-12T09:26:52","guid":{"rendered":"http:\/\/iesjaroso.es\/?p=1490"},"modified":"2019-05-12T11:26:52","modified_gmt":"2019-05-12T09:26:52","slug":"participacion-en-la-feria-de-las-ciencias-de-granada","status":"publish","type":"post","link":"https:\/\/iesjaroso.es\/?p=1490","title":{"rendered":"Participaci\u00f3n en la Feria de las Ciencias de Granada"},"content":{"rendered":"\n<p>El pasado s\u00e1bado 11 de mayo de 2019 alumnado de la asignatura de Rob\u00f3tica&nbsp; e Impresi\u00f3n 3D de nuestro centro, ha participado en la celebraci\u00f3n del 24\u00ba Aniversario del Parque de las Ciencias y la 22\u00aa Feria de la Ciencia &#8211; Jornada de Puertas Abiertas, desde las 10.00h hasta las 19.00h, la feria cont\u00f3 con exposiciones, contenidos del museo, y&nbsp; un amplio programa de actividades para el disfrute de participantes y visitantes.&nbsp;<\/p>\n\n\n\n<p>Participaron unos 113 proyectos, con m\u00e1s de 1100 participantes de 69 centros de la provincias de Almer\u00eda, Ja\u00e9n, Granada, M\u00e1laga, Sevilla, Huelva, C\u00e1diz, Badajoz, Zaragoza, Valencia y Elche; la mayor\u00eda de ellos centros educativos de primaria y secundaria, junto a universidades andaluzas, centros de investigaci\u00f3n y asociaciones dedicadas a la ciencia.<\/p>\n\n\n\n<p>IES Jaroso aport\u00f3 dos proyectos: Robot b\u00edpedo impreso en 3D de tecnolog\u00eda Arduino desarrollado por el alumnado de la asignatura de Rob\u00f3tica de 1\u00ba Bachillerato y Brazo rob\u00f3tico impreso en 3D con tecnolog\u00eda Arduino del alumnado de la asignatura de Rob\u00f3tica de 4\u00ba ESO. Fueron acompa\u00f1ados por los profesores Ricardo Su\u00e1rez y Jes\u00fas Barreto.<\/p>\n\n\n\n<p>La experiencia estupenda para todos!!! <\/p>\n\n\n\n<p>Gracias a todo el alumnado por su esfuerzo y dedicaci\u00f3n para ense\u00f1ar al resto de la sociedad lo que hacemos dentro de las aulas.<\/p>\n\n\n\n<figure class=\"wp-block-image\"><img fetchpriority=\"high\" decoding=\"async\" width=\"1024\" height=\"576\" src=\"http:\/\/iesjaroso.es\/wp-content\/uploads\/20190511_170211-1024x576.jpg\" alt=\"\" class=\"wp-image-1491\" srcset=\"https:\/\/iesjaroso.es\/wp-content\/uploads\/20190511_170211-1024x576.jpg 1024w, https:\/\/iesjaroso.es\/wp-content\/uploads\/20190511_170211-300x169.jpg 300w, https:\/\/iesjaroso.es\/wp-content\/uploads\/20190511_170211-768x432.jpg 768w\" sizes=\"(max-width: 1024px) 100vw, 1024px\" \/><\/figure>\n\n\n\n<figure class=\"wp-block-image\"><img decoding=\"async\" width=\"1024\" height=\"576\" src=\"http:\/\/iesjaroso.es\/wp-content\/uploads\/20190511_155016-1024x576.jpg\" alt=\"\" class=\"wp-image-1492\" srcset=\"https:\/\/iesjaroso.es\/wp-content\/uploads\/20190511_155016-1024x576.jpg 1024w, https:\/\/iesjaroso.es\/wp-content\/uploads\/20190511_155016-300x169.jpg 300w, https:\/\/iesjaroso.es\/wp-content\/uploads\/20190511_155016-768x432.jpg 768w\" sizes=\"(max-width: 1024px) 100vw, 1024px\" \/><\/figure>\n\n\n\n<figure class=\"wp-block-image\"><img decoding=\"async\" width=\"1024\" height=\"576\" src=\"http:\/\/iesjaroso.es\/wp-content\/uploads\/20190511_131659-1024x576.jpg\" alt=\"\" class=\"wp-image-1493\" srcset=\"https:\/\/iesjaroso.es\/wp-content\/uploads\/20190511_131659-1024x576.jpg 1024w, https:\/\/iesjaroso.es\/wp-content\/uploads\/20190511_131659-300x169.jpg 300w, https:\/\/iesjaroso.es\/wp-content\/uploads\/20190511_131659-768x432.jpg 768w\" sizes=\"(max-width: 1024px) 100vw, 1024px\" \/><\/figure>\n\n\n\n<figure class=\"wp-block-image\"><img loading=\"lazy\" decoding=\"async\" width=\"1024\" height=\"576\" src=\"http:\/\/iesjaroso.es\/wp-content\/uploads\/20190511_110726-1024x576.jpg\" alt=\"\" class=\"wp-image-1494\" srcset=\"https:\/\/iesjaroso.es\/wp-content\/uploads\/20190511_110726-1024x576.jpg 1024w, https:\/\/iesjaroso.es\/wp-content\/uploads\/20190511_110726-300x169.jpg 300w, https:\/\/iesjaroso.es\/wp-content\/uploads\/20190511_110726-768x432.jpg 768w\" sizes=\"(max-width: 1024px) 100vw, 1024px\" \/><\/figure>\n\n\n\n<p style=\"text-align:center\"><a href=\"https:\/\/roboticaiesjaroso.blogspot.com\/p\/feria-de-las-ciencias-granada.html\">M\u00e1s informaci\u00f3n en el Blog de Rob\u00f3tica del centro.<\/a><\/p>\n","protected":false},"excerpt":{"rendered":"<p>El pasado s\u00e1bado 11 de mayo de 2019 alumnado de la asignatura de Rob\u00f3tica&nbsp; e Impresi\u00f3n 3D de nuestro centro, ha participado en la celebraci\u00f3n del 24\u00ba Aniversario del Parque de las Ciencias y la 22\u00aa Feria de la Ciencia &#8211; Jornada de Puertas Abiertas, desde las 10.00h hasta las 19.00h, la feria cont\u00f3 con [&hellip;]<\/p>\n","protected":false},"author":1,"featured_media":0,"comment_status":"closed","ping_status":"open","sticky":false,"template":"","format":"standard","meta":{"footnotes":""},"categories":[17,21,22],"tags":[],"class_list":["post-1490","post","type-post","status-publish","format-standard","hentry","category-jaroso","category-proyectos","category-robotica"],"_links":{"self":[{"href":"https:\/\/iesjaroso.es\/index.php?rest_route=\/wp\/v2\/posts\/1490","targetHints":{"allow":["GET"]}}],"collection":[{"href":"https:\/\/iesjaroso.es\/index.php?rest_route=\/wp\/v2\/posts"}],"about":[{"href":"https:\/\/iesjaroso.es\/index.php?rest_route=\/wp\/v2\/types\/post"}],"author":[{"embeddable":true,"href":"https:\/\/iesjaroso.es\/index.php?rest_route=\/wp\/v2\/users\/1"}],"replies":[{"embeddable":true,"href":"https:\/\/iesjaroso.es\/index.php?rest_route=%2Fwp%2Fv2%2Fcomments&post=1490"}],"version-history":[{"count":1,"href":"https:\/\/iesjaroso.es\/index.php?rest_route=\/wp\/v2\/posts\/1490\/revisions"}],"predecessor-version":[{"id":1495,"href":"https:\/\/iesjaroso.es\/index.php?rest_route=\/wp\/v2\/posts\/1490\/revisions\/1495"}],"wp:attachment":[{"href":"https:\/\/iesjaroso.es\/index.php?rest_route=%2Fwp%2Fv2%2Fmedia&parent=1490"}],"wp:term":[{"taxonomy":"category","embeddable":true,"href":"https:\/\/iesjaroso.es\/index.php?rest_route=%2Fwp%2Fv2%2Fcategories&post=1490"},{"taxonomy":"post_tag","embeddable":true,"href":"https:\/\/iesjaroso.es\/index.php?rest_route=%2Fwp%2Fv2%2Ftags&post=1490"}],"curies":[{"name":"wp","href":"https:\/\/api.w.org\/{rel}","templated":true}]}}