{"id":1496,"date":"2019-05-14T13:50:35","date_gmt":"2019-05-14T11:50:35","guid":{"rendered":"http:\/\/iesjaroso.es\/?p=1496"},"modified":"2019-05-14T13:50:35","modified_gmt":"2019-05-14T11:50:35","slug":"vii-encuentro-provincial-de-mediacion-i-e-s-jaroso","status":"publish","type":"post","link":"https:\/\/iesjaroso.es\/?p=1496","title":{"rendered":"VII encuentro provincial de mediaci\u00f3n I.E.S. Jaroso"},"content":{"rendered":"\n<figure class=\"wp-block-image\"><img fetchpriority=\"high\" decoding=\"async\" width=\"1024\" height=\"266\" src=\"http:\/\/iesjaroso.es\/wp-content\/uploads\/mediaci\u00f3n-1024x266.jpg\" alt=\"\" class=\"wp-image-1497\" srcset=\"https:\/\/iesjaroso.es\/wp-content\/uploads\/mediaci\u00f3n-1024x266.jpg 1024w, https:\/\/iesjaroso.es\/wp-content\/uploads\/mediaci\u00f3n-300x78.jpg 300w, https:\/\/iesjaroso.es\/wp-content\/uploads\/mediaci\u00f3n-768x200.jpg 768w, https:\/\/iesjaroso.es\/wp-content\/uploads\/mediaci\u00f3n.jpg 1139w\" sizes=\"(max-width: 1024px) 100vw, 1024px\" \/><\/figure>\n\n\n\n<p>El IES Jaroso junto con el\nAyuntamiento de Cuevas del Almanzora organizan el VII Encuentro de\nmediadores\/as de Almer\u00eda dirigido a centros de educaci\u00f3n secundaria que\ntrabajen con alumnado mediador. El encuentro &nbsp;tendr\u00e1 lugar el 7 de junio en el Castillo del\nMarqu\u00e9s de los V\u00e9lez en Cuevas del Almanzora. Esta construcci\u00f3n defensiva que\nacaba de cumplir 500 a\u00f1os se convertir\u00e1 en un lugar de defensa de la paz y el\ndi\u00e1logo. M\u00e1s informaci\u00f3n en el siguiente enlace:&nbsp; <a href=\"http:\/\/viiencuentromediadores.iesjaroso.es\/\">http:\/\/viiencuentromediadores.iesjaroso.es\/<\/a><\/p>\n","protected":false},"excerpt":{"rendered":"<p>El IES Jaroso junto con el Ayuntamiento de Cuevas del Almanzora organizan el VII Encuentro de mediadores\/as de Almer\u00eda dirigido a centros de educaci\u00f3n secundaria que trabajen con alumnado mediador. El encuentro &nbsp;tendr\u00e1 lugar el 7 de junio en el Castillo del Marqu\u00e9s de los V\u00e9lez en Cuevas del Almanzora. Esta construcci\u00f3n defensiva que acaba [&hellip;]<\/p>\n","protected":false},"author":1,"featured_media":0,"comment_status":"closed","ping_status":"open","sticky":false,"template":"","format":"standard","meta":{"footnotes":""},"categories":[9,17],"tags":[],"class_list":["post-1496","post","type-post","status-publish","format-standard","hentry","category-convivencia","category-jaroso"],"_links":{"self":[{"href":"https:\/\/iesjaroso.es\/index.php?rest_route=\/wp\/v2\/posts\/1496","targetHints":{"allow":["GET"]}}],"collection":[{"href":"https:\/\/iesjaroso.es\/index.php?rest_route=\/wp\/v2\/posts"}],"about":[{"href":"https:\/\/iesjaroso.es\/index.php?rest_route=\/wp\/v2\/types\/post"}],"author":[{"embeddable":true,"href":"https:\/\/iesjaroso.es\/index.php?rest_route=\/wp\/v2\/users\/1"}],"replies":[{"embeddable":true,"href":"https:\/\/iesjaroso.es\/index.php?rest_route=%2Fwp%2Fv2%2Fcomments&post=1496"}],"version-history":[{"count":1,"href":"https:\/\/iesjaroso.es\/index.php?rest_route=\/wp\/v2\/posts\/1496\/revisions"}],"predecessor-version":[{"id":1498,"href":"https:\/\/iesjaroso.es\/index.php?rest_route=\/wp\/v2\/posts\/1496\/revisions\/1498"}],"wp:attachment":[{"href":"https:\/\/iesjaroso.es\/index.php?rest_route=%2Fwp%2Fv2%2Fmedia&parent=1496"}],"wp:term":[{"taxonomy":"category","embeddable":true,"href":"https:\/\/iesjaroso.es\/index.php?rest_route=%2Fwp%2Fv2%2Fcategories&post=1496"},{"taxonomy":"post_tag","embeddable":true,"href":"https:\/\/iesjaroso.es\/index.php?rest_route=%2Fwp%2Fv2%2Ftags&post=1496"}],"curies":[{"name":"wp","href":"https:\/\/api.w.org\/{rel}","templated":true}]}}