{"id":1512,"date":"2019-06-10T19:45:35","date_gmt":"2019-06-10T17:45:35","guid":{"rendered":"http:\/\/iesjaroso.es\/?p=1512"},"modified":"2019-06-10T19:45:35","modified_gmt":"2019-06-10T17:45:35","slug":"ii-muestra-de-practicas-educativas-concienciatec","status":"publish","type":"post","link":"https:\/\/iesjaroso.es\/?p=1512","title":{"rendered":"II Muestra de pr\u00e1cticas educativas ConcienciaTEC"},"content":{"rendered":"\n<p>IES Jaroso particip\u00f3 en la II Muestra de pr\u00e1cticas educativas en el \u00e1mbito Cient\u00edfico-Tecnol\u00f3gico ConCiencia-TEC 2019 que se celebr\u00f3 en las instalaciones del Polideportivo de la localidad de Hu\u00e9rcal-Overa, el pasado viernes 07 de junio de 2019.<\/p>\n\n\n\n<p>El evento cont\u00f3 con la participaci\u00f3n de distintos centros educativos que recibieron la visita de alumnado de la comarca. En la muestra se pudo contemplar una variedad de proyectos cient\u00edficos-tecnol\u00f3gicos que se desarrollan dentro de las aulas.&nbsp;<\/p>\n\n\n\n<p>El IES Jaroso estaba representado en el evento por una muestra de proyectos desarrollados en el aula por las asignaturas de Tecnolog\u00eda y Rob\u00f3tica de la ESO y Bachillerato y por el Ciclo de Formaci\u00f3n Profesional de Instalaciones de Telecomunicaciones. El alumnado de estas \u00e1reas fue el encargado de explicar sus trabajos a los visitantes.<\/p>\n\n\n\n<p>Enhorabuena a todos por el trabajo realizado.<\/p>\n\n\n\n<div class=\"wp-block-image\"><figure class=\"aligncenter\"><a href=\"https:\/\/1.bp.blogspot.com\/-wpBBSr0dc9w\/WxPLW6HN-yI\/AAAAAAAAFyE\/U19Py0Uvq2U4PeFduWW8fyVWs_345_gIgCLcBGAs\/s1600\/logo%2Bconcienciatec.jpg\"><img decoding=\"async\" src=\"https:\/\/1.bp.blogspot.com\/-wpBBSr0dc9w\/WxPLW6HN-yI\/AAAAAAAAFyE\/U19Py0Uvq2U4PeFduWW8fyVWs_345_gIgCLcBGAs\/s320\/logo%2Bconcienciatec.jpg\" alt=\"\"\/><\/a><\/figure><\/div>\n\n\n\n<div class=\"wp-block-image\"><figure class=\"aligncenter is-resized\"><a href=\"https:\/\/1.bp.blogspot.com\/-9b8HjNC6VAw\/XP6TAoanJuI\/AAAAAAAAGms\/rXnViMm8_CYBIFhmiXSVGQFXs4fsnXv-wCLcBGAs\/s1600\/20190607_100202.jpg\"><img fetchpriority=\"high\" decoding=\"async\" src=\"https:\/\/1.bp.blogspot.com\/-9b8HjNC6VAw\/XP6TAoanJuI\/AAAAAAAAGms\/rXnViMm8_CYBIFhmiXSVGQFXs4fsnXv-wCLcBGAs\/s400\/20190607_100202.jpg\" alt=\"\" width=\"400\" height=\"225\"\/><\/a><\/figure><\/div>\n\n\n\n<p style=\"text-align:center\"><a href=\"https:\/\/roboticaiesjaroso.blogspot.com\/p\/ii-muestra-concienciatec.html\">M\u00e1s im\u00e1genes<\/a><\/p>\n","protected":false},"excerpt":{"rendered":"<p>IES Jaroso particip\u00f3 en la II Muestra de pr\u00e1cticas educativas en el \u00e1mbito Cient\u00edfico-Tecnol\u00f3gico ConCiencia-TEC 2019 que se celebr\u00f3 en las instalaciones del Polideportivo de la localidad de Hu\u00e9rcal-Overa, el pasado viernes 07 de junio de 2019. El evento cont\u00f3 con la participaci\u00f3n de distintos centros educativos que recibieron la visita de alumnado de la [&hellip;]<\/p>\n","protected":false},"author":1,"featured_media":0,"comment_status":"closed","ping_status":"open","sticky":false,"template":"","format":"standard","meta":{"footnotes":""},"categories":[6,37,17,21,22],"tags":[],"class_list":["post-1512","post","type-post","status-publish","format-standard","hentry","category-ciclos-formativos","category-e-s-o","category-jaroso","category-proyectos","category-robotica"],"_links":{"self":[{"href":"https:\/\/iesjaroso.es\/index.php?rest_route=\/wp\/v2\/posts\/1512","targetHints":{"allow":["GET"]}}],"collection":[{"href":"https:\/\/iesjaroso.es\/index.php?rest_route=\/wp\/v2\/posts"}],"about":[{"href":"https:\/\/iesjaroso.es\/index.php?rest_route=\/wp\/v2\/types\/post"}],"author":[{"embeddable":true,"href":"https:\/\/iesjaroso.es\/index.php?rest_route=\/wp\/v2\/users\/1"}],"replies":[{"embeddable":true,"href":"https:\/\/iesjaroso.es\/index.php?rest_route=%2Fwp%2Fv2%2Fcomments&post=1512"}],"version-history":[{"count":1,"href":"https:\/\/iesjaroso.es\/index.php?rest_route=\/wp\/v2\/posts\/1512\/revisions"}],"predecessor-version":[{"id":1513,"href":"https:\/\/iesjaroso.es\/index.php?rest_route=\/wp\/v2\/posts\/1512\/revisions\/1513"}],"wp:attachment":[{"href":"https:\/\/iesjaroso.es\/index.php?rest_route=%2Fwp%2Fv2%2Fmedia&parent=1512"}],"wp:term":[{"taxonomy":"category","embeddable":true,"href":"https:\/\/iesjaroso.es\/index.php?rest_route=%2Fwp%2Fv2%2Fcategories&post=1512"},{"taxonomy":"post_tag","embeddable":true,"href":"https:\/\/iesjaroso.es\/index.php?rest_route=%2Fwp%2Fv2%2Ftags&post=1512"}],"curies":[{"name":"wp","href":"https:\/\/api.w.org\/{rel}","templated":true}]}}