{"id":1517,"date":"2019-06-15T17:50:47","date_gmt":"2019-06-15T15:50:47","guid":{"rendered":"http:\/\/iesjaroso.es\/?p=1517"},"modified":"2019-06-15T17:50:47","modified_gmt":"2019-06-15T15:50:47","slug":"admision-a-la-formacion-profesional","status":"publish","type":"post","link":"https:\/\/iesjaroso.es\/?p=1517","title":{"rendered":"Admisi\u00f3n a la Formaci\u00f3n Profesional"},"content":{"rendered":"\n<p>HOY 15 DE JUNIO SE ABRE EL PLAZO DE ADMISI\u00d3N PARA LOS CICLOS DE FORMACI\u00d3N PROFESIONAL.&nbsp;<a href=\"https:\/\/l.facebook.com\/l.php?u=http%3A%2F%2Fwww.juntadeandalucia.es%2Feducacion%2Fportals%2Fweb%2Fformacion-profesional-andaluza%2Fhome%3Ffbclid%3DIwAR3mGn5LEao04PEQ6xKTR_Q4MT0w50Rjx-FuYQ_Q1ewp6zKkfjqoMmfBtKU&amp;h=AT2yQ9ECLVNfnSIetFikKRO8yd48T0pDMTml9K36A_R0yqFheLIXeTFAqCRXpAJkPVFzEqwOtXGzcNQTfF1EaBwM0mGrbhbjbpy1YXtHmmAQdya155g3VwVVfOUVetmXLnMP6hpPMyW3bekjOjvqJuS5-4Mn_zqRAnfda6dtaurWem1vNw9tAytXD_GCugfzP4qcFXMK70NTQ8DSYgbQbkMxqVY8ron22JOj6KosK9y0vESp2rU1XewU3y7r0LnM_yzaXcGG_T3UYtm2_HUmB-GSSgXFLqjco5NrVlAOJhddI_T4Sw_PEn-oQH7S4F04C6d6BK53Pwx9u3nEByA4Bw7gfJgernilXTqd-gAU3Syr4EFQhVUGqK-oe6Z4skxJAhENHqvEHgbLtuxY7R3IN3DRs1wQOI_j9UITLKdfdDHPfU_jYzn__lhlLx-b8MASq_ofQI1Xm-SGlbsKXq8s9iHdnbJOV85OfJ0p8KADbl309Ze-KsfVB97tvF1wsFej2T9TBXCmozKH3y9m0dFsK_6SMo1vzPHVuB_4nJfkFjxWLQ-CbZtHj1ezBwVjGOgC68zBSoI3Nxyhuyr2YWgLOJyR8o4Lyu4xBeoAcFwlrIv8WSqxlLBmlvVK9JoNiVFc_uw\" target=\"_blank\" rel=\"noreferrer noopener\">http:\/\/www.juntadeandalucia.es\/\u2026\/formacion-profesional\u2026\/home<\/a><\/p>\n\n\n\n<p style=\"text-align:center\">Solicita la admisi\u00f3n a trav\u00e9s de la secretar\u00eda virtual de la Junta de Andaluc\u00eda:<br><a rel=\"noreferrer noopener\" href=\"https:\/\/www.juntadeandalucia.es\/educacion\/secretariavirtual\/?fbclid=IwAR1ZstPmAu-byTs8ulIs7PKyVinPbkF7vKnpQ6X9bqrI0swG93r1gW2RFd0\" target=\"_blank\">https:\/\/www.juntadeandalucia.es\/educacion\/secretariavirtual\/<\/a><img decoding=\"async\" width=\"150\" height=\"150\" class=\"wp-image-1518\" style=\"width: 150px;\" src=\"http:\/\/iesjaroso.es\/wp-content\/uploads\/EVSW-Quality-Mark-EN-01.png\" alt=\"\" srcset=\"https:\/\/iesjaroso.es\/wp-content\/uploads\/EVSW-Quality-Mark-EN-01.png 6497w, https:\/\/iesjaroso.es\/wp-content\/uploads\/EVSW-Quality-Mark-EN-01-150x150.png 150w, https:\/\/iesjaroso.es\/wp-content\/uploads\/EVSW-Quality-Mark-EN-01-300x300.png 300w, https:\/\/iesjaroso.es\/wp-content\/uploads\/EVSW-Quality-Mark-EN-01-768x768.png 768w, https:\/\/iesjaroso.es\/wp-content\/uploads\/EVSW-Quality-Mark-EN-01-1024x1024.png 1024w\" sizes=\"(max-width: 150px) 100vw, 150px\" \/><\/p>\n","protected":false},"excerpt":{"rendered":"<p>HOY 15 DE JUNIO SE ABRE EL PLAZO DE ADMISI\u00d3N PARA LOS CICLOS DE FORMACI\u00d3N PROFESIONAL.&nbsp;http:\/\/www.juntadeandalucia.es\/\u2026\/formacion-profesional\u2026\/home Solicita la admisi\u00f3n a trav\u00e9s de la secretar\u00eda virtual de la Junta de Andaluc\u00eda:https:\/\/www.juntadeandalucia.es\/educacion\/secretariavirtual\/<\/p>\n","protected":false},"author":1,"featured_media":0,"comment_status":"closed","ping_status":"open","sticky":false,"template":"","format":"standard","meta":{"footnotes":""},"categories":[6,50],"tags":[],"class_list":["post-1517","post","type-post","status-publish","format-standard","hentry","category-ciclos-formativos","category-formacion-profesional"],"_links":{"self":[{"href":"https:\/\/iesjaroso.es\/index.php?rest_route=\/wp\/v2\/posts\/1517","targetHints":{"allow":["GET"]}}],"collection":[{"href":"https:\/\/iesjaroso.es\/index.php?rest_route=\/wp\/v2\/posts"}],"about":[{"href":"https:\/\/iesjaroso.es\/index.php?rest_route=\/wp\/v2\/types\/post"}],"author":[{"embeddable":true,"href":"https:\/\/iesjaroso.es\/index.php?rest_route=\/wp\/v2\/users\/1"}],"replies":[{"embeddable":true,"href":"https:\/\/iesjaroso.es\/index.php?rest_route=%2Fwp%2Fv2%2Fcomments&post=1517"}],"version-history":[{"count":1,"href":"https:\/\/iesjaroso.es\/index.php?rest_route=\/wp\/v2\/posts\/1517\/revisions"}],"predecessor-version":[{"id":1519,"href":"https:\/\/iesjaroso.es\/index.php?rest_route=\/wp\/v2\/posts\/1517\/revisions\/1519"}],"wp:attachment":[{"href":"https:\/\/iesjaroso.es\/index.php?rest_route=%2Fwp%2Fv2%2Fmedia&parent=1517"}],"wp:term":[{"taxonomy":"category","embeddable":true,"href":"https:\/\/iesjaroso.es\/index.php?rest_route=%2Fwp%2Fv2%2Fcategories&post=1517"},{"taxonomy":"post_tag","embeddable":true,"href":"https:\/\/iesjaroso.es\/index.php?rest_route=%2Fwp%2Fv2%2Ftags&post=1517"}],"curies":[{"name":"wp","href":"https:\/\/api.w.org\/{rel}","templated":true}]}}