{"id":2067,"date":"2020-03-10T15:51:05","date_gmt":"2020-03-10T13:51:05","guid":{"rendered":"http:\/\/iesjaroso.es\/clon1\/?p=2067"},"modified":"2020-06-15T15:58:44","modified_gmt":"2020-06-15T13:58:44","slug":"marcapaginas-por-la-solidaridad","status":"publish","type":"post","link":"https:\/\/iesjaroso.es\/?p=2067","title":{"rendered":"Marcap\u00e1ginas por la solidaridad"},"content":{"rendered":"\n<div class=\"wp-block-image\"><figure class=\"aligncenter size-large is-resized\"><a href=\"https:\/\/www.savethechildren.es\/centros-educativos\/marcapaginas-por-la-solidaridad?fbclid=IwAR1L5B9KlK5YRzqnqFGayJHQ5zbDeClcG1MwVQ6kNUXgVw-xl60w5NtKcB4\"><img fetchpriority=\"high\" decoding=\"async\" src=\"http:\/\/iesjaroso.es\/wp-content\/uploads\/89308702_3065577433463404_5383387900878520320_n.png\" alt=\"\" class=\"wp-image-1627\" width=\"379\" height=\"316\"\/><\/a><figcaption>Haz click en la imagen para conocer m\u00e1s informaci\u00f3n del proyecto \u00abMarcap\u00e1ginas por la solidaridad\u00bb. <\/figcaption><\/figure><\/div>\n\n\n\n<div class=\"wp-block-group\"><div class=\"wp-block-group__inner-container is-layout-flow wp-block-group-is-layout-flow\">\n<div class=\"wp-block-group\"><div class=\"wp-block-group__inner-container is-layout-flow wp-block-group-is-layout-flow\">\n<p>Fomentar la lectura y hacerlo unida a una educaci\u00f3n en valores es posible.<\/p>\n\n\n\n<p>Dentro de las actividades para celebrar el D\u00eda del Libro, el Departamento de Educaci\u00f3n Pl\u00e1stica y Visual y la Biblioteca del IES Jaroso participan en la XII Edici\u00f3n de \u00abMarcap\u00e1ginas por la solidaridad\u00bb. <\/p>\n\n\n\n<p><\/p>\n\n\n\n<figure class=\"wp-block-embed-youtube wp-block-embed is-type-video is-provider-youtube wp-embed-aspect-16-9 wp-has-aspect-ratio\"><div class=\"wp-block-embed__wrapper\">\n<iframe title=\"Marcap\u00e1ginas por la solidaridad\" width=\"640\" height=\"360\" src=\"https:\/\/www.youtube.com\/embed\/mYPR9aF65ms?feature=oembed\" frameborder=\"0\" allow=\"accelerometer; autoplay; clipboard-write; encrypted-media; gyroscope; picture-in-picture; web-share\" referrerpolicy=\"strict-origin-when-cross-origin\" allowfullscreen><\/iframe>\n<\/div><\/figure>\n<\/div><\/div>\n<\/div><\/div>\n","protected":false},"excerpt":{"rendered":"<p>Fomentar la lectura y hacerlo unida a una educaci\u00f3n en valores es posible. Dentro de las actividades para celebrar el D\u00eda del Libro, el Departamento de Educaci\u00f3n Pl\u00e1stica y Visual y la Biblioteca del IES Jaroso participan en la XII Edici\u00f3n de \u00abMarcap\u00e1ginas por la solidaridad\u00bb.<\/p>\n","protected":false},"author":5,"featured_media":0,"comment_status":"closed","ping_status":"open","sticky":false,"template":"","format":"standard","meta":{"footnotes":""},"categories":[4,21],"tags":[],"class_list":["post-2067","post","type-post","status-publish","format-standard","hentry","category-biblioteca","category-proyectos"],"_links":{"self":[{"href":"https:\/\/iesjaroso.es\/index.php?rest_route=\/wp\/v2\/posts\/2067","targetHints":{"allow":["GET"]}}],"collection":[{"href":"https:\/\/iesjaroso.es\/index.php?rest_route=\/wp\/v2\/posts"}],"about":[{"href":"https:\/\/iesjaroso.es\/index.php?rest_route=\/wp\/v2\/types\/post"}],"author":[{"embeddable":true,"href":"https:\/\/iesjaroso.es\/index.php?rest_route=\/wp\/v2\/users\/5"}],"replies":[{"embeddable":true,"href":"https:\/\/iesjaroso.es\/index.php?rest_route=%2Fwp%2Fv2%2Fcomments&post=2067"}],"version-history":[{"count":3,"href":"https:\/\/iesjaroso.es\/index.php?rest_route=\/wp\/v2\/posts\/2067\/revisions"}],"predecessor-version":[{"id":2076,"href":"https:\/\/iesjaroso.es\/index.php?rest_route=\/wp\/v2\/posts\/2067\/revisions\/2076"}],"wp:attachment":[{"href":"https:\/\/iesjaroso.es\/index.php?rest_route=%2Fwp%2Fv2%2Fmedia&parent=2067"}],"wp:term":[{"taxonomy":"category","embeddable":true,"href":"https:\/\/iesjaroso.es\/index.php?rest_route=%2Fwp%2Fv2%2Fcategories&post=2067"},{"taxonomy":"post_tag","embeddable":true,"href":"https:\/\/iesjaroso.es\/index.php?rest_route=%2Fwp%2Fv2%2Ftags&post=2067"}],"curies":[{"name":"wp","href":"https:\/\/api.w.org\/{rel}","templated":true}]}}