{"id":3347,"date":"2022-05-15T11:08:57","date_gmt":"2022-05-15T09:08:57","guid":{"rendered":"https:\/\/iesjaroso.es\/?p=3347"},"modified":"2022-05-15T12:59:01","modified_gmt":"2022-05-15T10:59:01","slug":"ies-jaroso-participa-en-el-24a-feria-de-las-ciencias-de-granada","status":"publish","type":"post","link":"https:\/\/iesjaroso.es\/?p=3347","title":{"rendered":"IES Jaroso participa en el 24\u00aa Feria de las Ciencias de Granada"},"content":{"rendered":"\n<h4 class=\"wp-block-heading\"><a href=\"https:\/\/roboticaiesjaroso.blogspot.com\/2022\/05\/participacion-del-ies-jaroso-en-la.html\"><\/a>Excelente participaci\u00f3n del IES Jaroso en la Feria de las Ciencias de Granada 2022 celebrada el s\u00e1bado 14 de mayo en las instalaciones del Parque de las Ciencias.<\/h4>\n\n\n\n<h4 class=\"wp-block-heading\">Enhorabuena a todos por el esfuerzo y trabajo para transmitir el trabajo desarrollado en el aula dentro de la materia de Rob\u00f3tica e Impresi\u00f3n 3D en colaboraci\u00f3n con las actividades contempladas en el Proyecto STEAM: Rob\u00f3tica aplicada en el aula y Programa ALDEA: Educaci\u00f3n Ambiental.<\/h4>\n\n\n\n<figure class=\"wp-block-image is-resized\"><img fetchpriority=\"high\" decoding=\"async\" src=\"https:\/\/lh3.googleusercontent.com\/-WnxFqHPHOmg\/Yn_47t0jn4I\/AAAAAAAAHu0\/eST2l6I-oK0lqOuBl9tzTOcfu_1g8AhbQCNcBGAsYHQ\/w640-h288\/1652553962882900-0.png\" alt=\"\" width=\"834\" height=\"375\"\/><\/figure>\n\n\n\n<p class=\"has-text-align-center\"><a href=\"https:\/\/lh3.googleusercontent.com\/-WnxFqHPHOmg\/Yn_47t0jn4I\/AAAAAAAAHu0\/eST2l6I-oK0lqOuBl9tzTOcfu_1g8AhbQCNcBGAsYHQ\/s1600\/1652553962882900-0.png\">&nbsp;<\/a>&nbsp; Grupo de 1\u00b0 Bachillerato del IES Jaroso.<\/p>\n\n\n\n<p class=\"has-text-align-center\">Nuestro agradecimiento a la organizaci\u00f3n del evento, ha sido una maravillosa experiencia para todos.<\/p>\n\n\n\n<p class=\"has-text-align-center\">M\u00e1s informaci\u00f3n en la <a rel=\"noreferrer noopener\" href=\"https:\/\/www.blogger.com\/blog\/page\/edit\/2249374063276374410\/2737860385074180555\" target=\"_blank\">p\u00e1gina del blog de rob\u00f3tica de nuestro centro dedicada a este evento<\/a>.<\/p>\n","protected":false},"excerpt":{"rendered":"<p>Excelente participaci\u00f3n del IES Jaroso en la Feria de las Ciencias de Granada 2022 celebrada el s\u00e1bado 14 de mayo en las instalaciones del Parque de las Ciencias. Enhorabuena a todos por el esfuerzo y trabajo para transmitir el trabajo desarrollado en el aula dentro de la materia de Rob\u00f3tica e Impresi\u00f3n 3D en colaboraci\u00f3n [&hellip;]<\/p>\n","protected":false},"author":1,"featured_media":0,"comment_status":"closed","ping_status":"open","sticky":false,"template":"","format":"standard","meta":{"footnotes":""},"categories":[17,22],"tags":[56,57],"class_list":["post-3347","post","type-post","status-publish","format-standard","hentry","category-jaroso","category-robotica","tag-robotica","tag-roboticaiesjaroso"],"_links":{"self":[{"href":"https:\/\/iesjaroso.es\/index.php?rest_route=\/wp\/v2\/posts\/3347","targetHints":{"allow":["GET"]}}],"collection":[{"href":"https:\/\/iesjaroso.es\/index.php?rest_route=\/wp\/v2\/posts"}],"about":[{"href":"https:\/\/iesjaroso.es\/index.php?rest_route=\/wp\/v2\/types\/post"}],"author":[{"embeddable":true,"href":"https:\/\/iesjaroso.es\/index.php?rest_route=\/wp\/v2\/users\/1"}],"replies":[{"embeddable":true,"href":"https:\/\/iesjaroso.es\/index.php?rest_route=%2Fwp%2Fv2%2Fcomments&post=3347"}],"version-history":[{"count":4,"href":"https:\/\/iesjaroso.es\/index.php?rest_route=\/wp\/v2\/posts\/3347\/revisions"}],"predecessor-version":[{"id":3351,"href":"https:\/\/iesjaroso.es\/index.php?rest_route=\/wp\/v2\/posts\/3347\/revisions\/3351"}],"wp:attachment":[{"href":"https:\/\/iesjaroso.es\/index.php?rest_route=%2Fwp%2Fv2%2Fmedia&parent=3347"}],"wp:term":[{"taxonomy":"category","embeddable":true,"href":"https:\/\/iesjaroso.es\/index.php?rest_route=%2Fwp%2Fv2%2Fcategories&post=3347"},{"taxonomy":"post_tag","embeddable":true,"href":"https:\/\/iesjaroso.es\/index.php?rest_route=%2Fwp%2Fv2%2Ftags&post=3347"}],"curies":[{"name":"wp","href":"https:\/\/api.w.org\/{rel}","templated":true}]}}