{"id":3394,"date":"2022-10-19T19:48:09","date_gmt":"2022-10-19T17:48:09","guid":{"rendered":"https:\/\/iesjaroso.es\/?p=3394"},"modified":"2022-10-19T19:56:53","modified_gmt":"2022-10-19T17:56:53","slug":"elecciones-al-consejo-escolar-2022-23","status":"publish","type":"post","link":"https:\/\/iesjaroso.es\/?p=3394","title":{"rendered":"Elecciones al Consejo Escolar 2022-23"},"content":{"rendered":"\n<p>Estimadas familias:<\/p>\n\n\n\n<p>Informamos que la Consejer\u00eda de Desarrollo Educativo y Formaci\u00f3n Profesional ha publicado la resoluci\u00f3n por la que se convocan elecciones a los Consejos escolares de los centros docentes p\u00fablicos durante el <strong>primer trimestre de 2022<\/strong>. En dicha resoluci\u00f3n se aclara que los representantes elegidos desempe\u00f1ar\u00e1n sus funciones durante los cursos 2022\/23 y 2023\/24.<\/p>\n\n\n\n<p>En el calendario publicado en la resoluci\u00f3n, hay que <strong>destacar<\/strong> las siguientes fechas:<\/p>\n\n\n\n<ul class=\"wp-block-list\"><li>El plazo de admisi\u00f3n de candidaturas ser\u00e1 el comprendido entre los d\u00edas<strong> 20&nbsp;de octubre&nbsp; y 3 de noviembre de 2022<\/strong>&nbsp;ambos inclusive.<\/li><li>La Junta Electoral har\u00e1 p\u00fablica la lista provisional de personas candidatas el <strong>4 de noviembre<\/strong>&nbsp;y la lista definitiva el <strong>9&nbsp;de noviembre de 2022<\/strong>.<\/li><li>La campa\u00f1a electoral se llevar\u00e1 a cabo desde el <strong>10&nbsp;de noviembre hasta el 18 de noviembre de 2022<\/strong>, ambos inclusive.<\/li><li>Las elecciones tendr\u00e1n lugar los siguientes d\u00edas:<\/li><\/ul>\n\n\n\n<p>a) <strong>22&nbsp;de noviembre<\/strong> para el sector padres, madres y personas que ejerzan la tutela legal del alumnado.<\/p>\n\n\n\n<p>b) <strong>23&nbsp;de noviembre<\/strong> para el sector del alumnado.<\/p>\n\n\n\n<p>c) <strong>24 de noviembre<\/strong> para el sector profesorado y personal de administraci\u00f3n y servicios.<\/p>\n\n\n\n<ul class=\"wp-block-list\"><li>La proclamaci\u00f3n de representantes electos deber\u00e1 realizarse antes del <strong>9 diciembre de 2022<\/strong>.<\/li><li>La constituci\u00f3n del nuevo Consejo Escolar deber\u00e1 realizarse antes del <strong>22 de diciembre de 2022<\/strong><\/li><\/ul>\n\n\n\n<ul class=\"wp-block-list\"><li>ambos inclusive.<\/li><li>Las elecciones tendr\u00e1n lugar los siguientes d\u00edas:<\/li><\/ul>\n\n\n\n<p>a) <strong>22&nbsp;de noviembre<\/strong> para el sector padres, madres y personas que ejerzan la tutela legal del alumnado.<\/p>\n\n\n\n<p>b) <strong>23&nbsp;de noviembre<\/strong> para el sector del alumnado.<\/p>\n\n\n\n<p>c) <strong>24 de noviembre<\/strong> para el sector profesorado y personal de administraci\u00f3n y servicios.<\/p>\n\n\n\n<ul class=\"wp-block-list\"><li>La proclamaci\u00f3n de representantes electos deber\u00e1 realizarse antes del <strong>9 diciembre de 2022<\/strong>.<\/li><li>La constituci\u00f3n del nuevo Consejo Escolar deber\u00e1 realizarse antes del <strong>22 de diciembre de 2022<\/strong><\/li><\/ul>\n\n\n\n<p>&nbsp;\u00bb &nbsp;Pincha en el enlace:&nbsp;<a rel=\"noreferrer noopener\" href=\"https:\/\/www.juntadeandalucia.es\/eboja\/2022\/178\/BOJA22-178-00003-14519-01_00267794.pdf\" target=\"_blank\">RESOLUCI\u00d3N de 12 de septiembre de 2022<\/a><\/p>\n\n\n\n<p>&nbsp;\u00bb &nbsp;Pincha en el enlace:&nbsp;<a href=\"https:\/\/iesjaroso.es\/wp-content\/uploads\/Oficio_Candidatura_CE.pdf\" target=\"_blank\" rel=\"noreferrer noopener\">Solicitud para ser candidato\/a<\/a><\/p>\n","protected":false},"excerpt":{"rendered":"<p>Estimadas familias: Informamos que la Consejer\u00eda de Desarrollo Educativo y Formaci\u00f3n Profesional ha publicado la resoluci\u00f3n por la que se convocan elecciones a los Consejos escolares de los centros docentes p\u00fablicos durante el primer trimestre de 2022. En dicha resoluci\u00f3n se aclara que los representantes elegidos desempe\u00f1ar\u00e1n sus funciones durante los cursos 2022\/23 y 2023\/24. [&hellip;]<\/p>\n","protected":false},"author":1,"featured_media":0,"comment_status":"closed","ping_status":"open","sticky":false,"template":"","format":"standard","meta":{"footnotes":""},"categories":[17],"tags":[],"class_list":["post-3394","post","type-post","status-publish","format-standard","hentry","category-jaroso"],"_links":{"self":[{"href":"https:\/\/iesjaroso.es\/index.php?rest_route=\/wp\/v2\/posts\/3394","targetHints":{"allow":["GET"]}}],"collection":[{"href":"https:\/\/iesjaroso.es\/index.php?rest_route=\/wp\/v2\/posts"}],"about":[{"href":"https:\/\/iesjaroso.es\/index.php?rest_route=\/wp\/v2\/types\/post"}],"author":[{"embeddable":true,"href":"https:\/\/iesjaroso.es\/index.php?rest_route=\/wp\/v2\/users\/1"}],"replies":[{"embeddable":true,"href":"https:\/\/iesjaroso.es\/index.php?rest_route=%2Fwp%2Fv2%2Fcomments&post=3394"}],"version-history":[{"count":5,"href":"https:\/\/iesjaroso.es\/index.php?rest_route=\/wp\/v2\/posts\/3394\/revisions"}],"predecessor-version":[{"id":3401,"href":"https:\/\/iesjaroso.es\/index.php?rest_route=\/wp\/v2\/posts\/3394\/revisions\/3401"}],"wp:attachment":[{"href":"https:\/\/iesjaroso.es\/index.php?rest_route=%2Fwp%2Fv2%2Fmedia&parent=3394"}],"wp:term":[{"taxonomy":"category","embeddable":true,"href":"https:\/\/iesjaroso.es\/index.php?rest_route=%2Fwp%2Fv2%2Fcategories&post=3394"},{"taxonomy":"post_tag","embeddable":true,"href":"https:\/\/iesjaroso.es\/index.php?rest_route=%2Fwp%2Fv2%2Ftags&post=3394"}],"curies":[{"name":"wp","href":"https:\/\/api.w.org\/{rel}","templated":true}]}}