{"id":3936,"date":"2024-04-25T19:35:58","date_gmt":"2024-04-25T17:35:58","guid":{"rendered":"https:\/\/iesjaroso.es\/?p=3936"},"modified":"2024-04-25T19:42:20","modified_gmt":"2024-04-25T17:42:20","slug":"participacion-del-ies-jaroso-en-la-iv-feria-de-innovacion-y-ciencias-de-almeria-2024","status":"publish","type":"post","link":"https:\/\/iesjaroso.es\/?p=3936","title":{"rendered":"Participaci\u00f3n del IES Jaroso en la IV Feria de Innovaci\u00f3n y Ciencias de Almer\u00eda 2024"},"content":{"rendered":"\n<p>El IES Jaroso ha participado en la <strong>IV Feria de Innovaci\u00f3n y Ciencias de Almer\u00eda 2024<\/strong> celebrada el mi\u00e9rcoles 24 de abril de 2024 en las instalaciones de la Universidad de Almer\u00eda.<\/p>\n\n\n\n<p>Nuestro centro ha expuesto el proyecto <strong>\u00abSmart City\u00bb o \u00abCiudad Inteligente\u00bb<\/strong> elaborado de forma conjunta por el alumnado de la ESO participante del programa de profundizaci\u00f3n de conocimientos Investiga y Descubre de Rob\u00f3tica y de las materias de Rob\u00f3tica e Impresi\u00f3n 3D \/ Tecnolog\u00eda e Ingenier\u00eda de 1\u00ba Bachillerato y Rob\u00f3tica de 2\u00ba Bachillerato. Un trabajo brillante resumido en el siguiente v\u00eddeo.<\/p>\n\n\n\n<figure class=\"wp-block-embed is-type-video is-provider-youtube wp-block-embed-youtube wp-embed-aspect-16-9 wp-has-aspect-ratio\"><div class=\"wp-block-embed__wrapper\">\n<iframe title=\"Smart City - Proyecto del IES Jaroso -2023-24\" width=\"640\" height=\"360\" src=\"https:\/\/www.youtube.com\/embed\/rmUgcM7hhMI?feature=oembed\" frameborder=\"0\" allow=\"accelerometer; autoplay; clipboard-write; encrypted-media; gyroscope; picture-in-picture; web-share\" referrerpolicy=\"strict-origin-when-cross-origin\" allowfullscreen><\/iframe>\n<\/div><\/figure>\n\n\n\n<p>El proyecto ha sido coordinado por los docentes del Departamento de Tecnolog\u00eda del IES Jaroso de Cuevas del Almanzora (Almer\u00eda).<\/p>\n\n\n<div class=\"wp-block-image\">\n<figure class=\"aligncenter\"><a href=\"https:\/\/www.blogger.com\/blog\/post\/edit\/2249374063276374410\/3622425976381449178#\"><img decoding=\"async\" src=\"https:\/\/blogger.googleusercontent.com\/img\/b\/R29vZ2xl\/AVvXsEiVkZmCgAr7rfwmdFUvETk4fvC_RF-tSDVEUBvuL9PEIVWVc1Y9gYwbrzyEaKary7bYAV0hsXEs_FgfhtsE7Ry_RFwW5EtYVq3hPCPBIryrNr-fBLRP6maqN6LWFxYfzmSZHX6_LR0hX48eTW-WB52L871_zpNWhRemCIvgsOkufUMKNLuPk3CDW52sbDMO\/w640-h288\/20240424_125750.jpg\" alt=\"\"\/><\/a><\/figure>\n<\/div>\n\n\n<p class=\"has-text-align-center\">\u00a1La experiencia ha estado genial!<\/p>\n\n\n\n<p class=\"has-text-align-center\"><a href=\"https:\/\/roboticaiesjaroso.blogspot.com\/p\/sesion-8-2023.html\">Muchas m\u00e1s im\u00e1genes en nuestro Blog de Rob\u00f3tica<\/a><\/p>\n\n\n\n<p>Enhorabuena a todo el alumnado por el trabajo realizado y a la organizaci\u00f3n del evento &#x1f44f;<\/p>\n","protected":false},"excerpt":{"rendered":"<p>El IES Jaroso ha participado en la IV Feria de Innovaci\u00f3n y Ciencias de Almer\u00eda 2024 celebrada el mi\u00e9rcoles 24 de abril de 2024 en las instalaciones de la Universidad de Almer\u00eda. Nuestro centro ha expuesto el proyecto \u00abSmart City\u00bb o \u00abCiudad Inteligente\u00bb elaborado de forma conjunta por el alumnado de la ESO participante del [&hellip;]<\/p>\n","protected":false},"author":1,"featured_media":0,"comment_status":"closed","ping_status":"open","sticky":false,"template":"","format":"standard","meta":{"footnotes":""},"categories":[17],"tags":[],"class_list":["post-3936","post","type-post","status-publish","format-standard","hentry","category-jaroso"],"_links":{"self":[{"href":"https:\/\/iesjaroso.es\/index.php?rest_route=\/wp\/v2\/posts\/3936","targetHints":{"allow":["GET"]}}],"collection":[{"href":"https:\/\/iesjaroso.es\/index.php?rest_route=\/wp\/v2\/posts"}],"about":[{"href":"https:\/\/iesjaroso.es\/index.php?rest_route=\/wp\/v2\/types\/post"}],"author":[{"embeddable":true,"href":"https:\/\/iesjaroso.es\/index.php?rest_route=\/wp\/v2\/users\/1"}],"replies":[{"embeddable":true,"href":"https:\/\/iesjaroso.es\/index.php?rest_route=%2Fwp%2Fv2%2Fcomments&post=3936"}],"version-history":[{"count":4,"href":"https:\/\/iesjaroso.es\/index.php?rest_route=\/wp\/v2\/posts\/3936\/revisions"}],"predecessor-version":[{"id":3940,"href":"https:\/\/iesjaroso.es\/index.php?rest_route=\/wp\/v2\/posts\/3936\/revisions\/3940"}],"wp:attachment":[{"href":"https:\/\/iesjaroso.es\/index.php?rest_route=%2Fwp%2Fv2%2Fmedia&parent=3936"}],"wp:term":[{"taxonomy":"category","embeddable":true,"href":"https:\/\/iesjaroso.es\/index.php?rest_route=%2Fwp%2Fv2%2Fcategories&post=3936"},{"taxonomy":"post_tag","embeddable":true,"href":"https:\/\/iesjaroso.es\/index.php?rest_route=%2Fwp%2Fv2%2Ftags&post=3936"}],"curies":[{"name":"wp","href":"https:\/\/api.w.org\/{rel}","templated":true}]}}