{"id":408,"date":"2016-05-14T21:54:02","date_gmt":"2016-05-14T21:54:02","guid":{"rendered":"https:\/\/iesjaroso.wordpress.com\/?p=408"},"modified":"2016-05-14T21:54:02","modified_gmt":"2016-05-14T21:54:02","slug":"el-ies-jaroso-1o-premio-i-encuentro-educativo-de-creacion-audiovisual-de-fuente-obejuna","status":"publish","type":"post","link":"https:\/\/iesjaroso.es\/?p=408","title":{"rendered":"El IES Jaroso 1\u00ba Premio I Encuentro Educativo de Creaci\u00f3n Audiovisual de Fuente Obejuna"},"content":{"rendered":"<p>Nues<img fetchpriority=\"high\" decoding=\"async\" class=\"alignleft\" src=\"http:\/\/colectivobrumaria.com\/wp-content\/uploads\/2015\/11\/IMG-20151012-WA0006.jpg\" alt=\"\" width=\"226\" height=\"239\" \/>tro centro asisti\u00f3 y este pasado fin de semana al <a href=\"http:\/\/festivalfoco.com\">FestivalFoco de Fuente Obejuna <\/a>(C\u00f3rdoba), el I Encuentro Educativo de Creaci\u00f3n Audiovisual, donde \u00e9ramos finalistas en dos categor\u00edas, obteniendo el 1\u00ba premio en la categor\u00eda de \u00abspot publicitario\u00bb<\/p>\n<p>&nbsp;<\/p>\n<p>En la categor\u00eda de \u201cspot publicitarios\u201d est\u00e1bamos nominados con el v\u00eddeo \u201c<a href=\"https:\/\/www.youtube.com\/watch?v=jgPeg_F9nOg\">\u00bfQui\u00e9n te gusta?<\/a>\u201d, que realizamos el a\u00f1o pasado dentro de la campa\u00f1a contra la homofobia en nuestro centro. En la categor\u00eda de \u201cficci\u00f3n\u201d nuestra nominaci\u00f3n se debi\u00f3 al v\u00eddeo \u201c<a href=\"https:\/\/www.youtube.com\/watch?v=YjVpnMh1MfE\">Mirar, Annie Leibovitz\u201d<\/a>,un gran trabajo de las alumnas de Bachillerato que ya consigui\u00f3 el Premio Princesa de Asturias el pasado curso.<\/p>\n<p><img decoding=\"async\" class=\"alignnone size-medium\" src=\"https:\/\/scontent-mad1-1.xx.fbcdn.net\/v\/t1.0-0\/s640x640\/13254568_1108954209125746_256973343520067162_n.jpg?oh=0403bd74dfac08cc77a960e10bf4b80a&amp;oe=57D28788\" alt=\"\" width=\"640\" height=\"478\" \/><\/p>\n","protected":false},"excerpt":{"rendered":"<p>Nuestro centro asisti\u00f3 y este pasado fin de semana al FestivalFoco de Fuente Obejuna (C\u00f3rdoba), el I Encuentro Educativo de Creaci\u00f3n Audiovisual, donde \u00e9ramos finalistas en dos categor\u00edas, obteniendo el 1\u00ba premio en la categor\u00eda de \u00abspot publicitario\u00bb &nbsp; En la categor\u00eda de \u201cspot publicitarios\u201d est\u00e1bamos nominados con el v\u00eddeo \u201c\u00bfQui\u00e9n te gusta?\u201d, que realizamos [&hellip;]<\/p>\n","protected":false},"author":2,"featured_media":0,"comment_status":"closed","ping_status":"open","sticky":false,"template":"","format":"standard","meta":{"footnotes":""},"categories":[7,8,18,27,26],"tags":[],"class_list":["post-408","post","type-post","status-publish","format-standard","hentry","category-comunicaccion","category-concursos","category-premios","category-videocreacion","category-videos"],"_links":{"self":[{"href":"https:\/\/iesjaroso.es\/index.php?rest_route=\/wp\/v2\/posts\/408","targetHints":{"allow":["GET"]}}],"collection":[{"href":"https:\/\/iesjaroso.es\/index.php?rest_route=\/wp\/v2\/posts"}],"about":[{"href":"https:\/\/iesjaroso.es\/index.php?rest_route=\/wp\/v2\/types\/post"}],"author":[{"embeddable":true,"href":"https:\/\/iesjaroso.es\/index.php?rest_route=\/wp\/v2\/users\/2"}],"replies":[{"embeddable":true,"href":"https:\/\/iesjaroso.es\/index.php?rest_route=%2Fwp%2Fv2%2Fcomments&post=408"}],"version-history":[{"count":0,"href":"https:\/\/iesjaroso.es\/index.php?rest_route=\/wp\/v2\/posts\/408\/revisions"}],"wp:attachment":[{"href":"https:\/\/iesjaroso.es\/index.php?rest_route=%2Fwp%2Fv2%2Fmedia&parent=408"}],"wp:term":[{"taxonomy":"category","embeddable":true,"href":"https:\/\/iesjaroso.es\/index.php?rest_route=%2Fwp%2Fv2%2Fcategories&post=408"},{"taxonomy":"post_tag","embeddable":true,"href":"https:\/\/iesjaroso.es\/index.php?rest_route=%2Fwp%2Fv2%2Ftags&post=408"}],"curies":[{"name":"wp","href":"https:\/\/api.w.org\/{rel}","templated":true}]}}