{"id":4182,"date":"2024-10-11T08:49:26","date_gmt":"2024-10-11T06:49:26","guid":{"rendered":"https:\/\/iesjaroso.es\/?p=4182"},"modified":"2024-10-11T08:49:54","modified_gmt":"2024-10-11T06:49:54","slug":"comenzamos-el-erasmus-en-eso-bachillerato-y-educacion-epecial","status":"publish","type":"post","link":"https:\/\/iesjaroso.es\/?p=4182","title":{"rendered":"Comenzamos Erasmus+ en ESO, Bachillerato y Educaci\u00f3n Especial"},"content":{"rendered":"\n<p><img decoding=\"async\" alt=\"&#x1f941;\" src=\"https:\/\/fonts.gstatic.com\/s\/e\/notoemoji\/15.1\/1f941\/32.png\"><img decoding=\"async\" alt=\"&#x1f389;\" src=\"https:\/\/fonts.gstatic.com\/s\/e\/notoemoji\/15.1\/1f389\/32.png\">Estamos encantados de informar que por fin el Erasmus + SCH para Secundaria, Bachillerato y Educaci\u00f3n Especial puede empezar!<img decoding=\"async\" alt=\"&#x1f941;\" src=\"https:\/\/fonts.gstatic.com\/s\/e\/notoemoji\/15.1\/1f941\/32.png\"><img decoding=\"async\" alt=\"&#x1f38a;\" src=\"https:\/\/fonts.gstatic.com\/s\/e\/notoemoji\/15.1\/1f38a\/32.png\"> El convenio de colaboraci\u00f3n con el SEPIE (Servicio de &nbsp;Espa\u00f1ol para la Internacionalizaci\u00f3n de la Educaci\u00f3n) &nbsp;est\u00e1 firmado y la campa\u00f1a de difusi\u00f3n del &nbsp;Erasmus + SCH (Scholar) en el Jaroso se ha puesto en marcha. &nbsp;<img decoding=\"async\" alt=\"&#x1fa84;\" src=\"https:\/\/fonts.gstatic.com\/s\/e\/notoemoji\/15.1\/1fa84\/32.png\"><br>Con la participaci\u00f3n de algunos alumnos de 4\u00b0 ESO &nbsp;se han dado a conocer a todo el alumnado la misi\u00f3n, los valores y los objetivos del Erasmus+ para &nbsp;SECUNDAR\u00cdA, BACHILLERATO Y EDUCACI\u00d3N ESPECIAL dentro del marco del nuevo Programa Europeo Erasmus+<img decoding=\"async\" alt=\"&#x1f1ea;&#x1f1fa;\" src=\"https:\/\/fonts.gstatic.com\/s\/e\/notoemoji\/15.1\/1f1ea_1f1fa\/32.png\">.<br>Se trata de un hecho que marca el comienzo del Erasmus+ SCH para realizar movilidades &nbsp;<img decoding=\"async\" alt=\"&#x2708;&#xfe0f;\" src=\"https:\/\/fonts.gstatic.com\/s\/e\/notoemoji\/15.1\/2708_fe0f\/32.png\">de alumnado <img decoding=\"async\" alt=\"&#x1f4da;\" src=\"https:\/\/fonts.gstatic.com\/s\/e\/notoemoji\/15.1\/1f4da\/32.png\">y profesorado<img decoding=\"async\" alt=\"&#x1f4d6;\" src=\"https:\/\/fonts.gstatic.com\/s\/e\/notoemoji\/15.1\/1f4d6\/32.png\"> durante el periodo 2024-2027 en el marco educativo de la Uni\u00f3n Europea.<br><br>&nbsp;I.E.S. Jaroso apuesta &nbsp;para un futuro &nbsp;lleno de oportunidades de crecimiento<img decoding=\"async\" alt=\"&#x1f4da;\" src=\"https:\/\/fonts.gstatic.com\/s\/e\/notoemoji\/15.1\/1f4da\/32.png\"> para descubrir nuevos horizontes europeos<img decoding=\"async\" alt=\"&#x1f1ea;&#x1f1fa;\" src=\"https:\/\/fonts.gstatic.com\/s\/e\/notoemoji\/15.1\/1f1ea_1f1fa\/32.png\"> que&nbsp; van a permitir reforzar otras formas de aprender dentro de los valores de inclusi\u00f3n y diversidad, tolerancia y participaci\u00f3n con otras escuelas del mismo nivel de varios pa\u00edses europeos<img decoding=\"async\" alt=\"&#x1f4d6;\" src=\"https:\/\/fonts.gstatic.com\/s\/e\/notoemoji\/15.1\/1f4d6\/32.png\">. &nbsp;<br><img decoding=\"async\" alt=\"&#x1f1ea;&#x1f1fa;\" src=\"https:\/\/fonts.gstatic.com\/s\/e\/notoemoji\/15.1\/1f1ea_1f1fa\/32.png\">\u00a1Europa nos espera!<img decoding=\"async\" alt=\"&#x1f493;\" src=\"https:\/\/fonts.gstatic.com\/s\/e\/notoemoji\/15.1\/1f493\/32.png\"><\/p>\n\n\n\n<figure class=\"wp-block-image size-full\"><img fetchpriority=\"high\" decoding=\"async\" width=\"351\" height=\"143\" src=\"https:\/\/iesjaroso.es\/wp-content\/uploads\/Eramus.png\" alt=\"\" class=\"wp-image-4183\" srcset=\"https:\/\/iesjaroso.es\/wp-content\/uploads\/Eramus.png 351w, https:\/\/iesjaroso.es\/wp-content\/uploads\/Eramus-300x122.png 300w\" sizes=\"(max-width: 351px) 100vw, 351px\" \/><\/figure>\n\n\n\n<figure class=\"wp-block-image size-large\"><img decoding=\"async\" width=\"983\" height=\"1024\" src=\"https:\/\/iesjaroso.es\/wp-content\/uploads\/Erasmus1-1-983x1024.jpg\" alt=\"\" class=\"wp-image-4184\" srcset=\"https:\/\/iesjaroso.es\/wp-content\/uploads\/Erasmus1-1-983x1024.jpg 983w, https:\/\/iesjaroso.es\/wp-content\/uploads\/Erasmus1-1-288x300.jpg 288w, https:\/\/iesjaroso.es\/wp-content\/uploads\/Erasmus1-1-768x800.jpg 768w, https:\/\/iesjaroso.es\/wp-content\/uploads\/Erasmus1-1-1474x1536.jpg 1474w, https:\/\/iesjaroso.es\/wp-content\/uploads\/Erasmus1-1-259x270.jpg 259w, https:\/\/iesjaroso.es\/wp-content\/uploads\/Erasmus1-1.jpg 1965w\" sizes=\"(max-width: 983px) 100vw, 983px\" \/><\/figure>\n\n\n\n<figure class=\"wp-block-image size-large\"><img decoding=\"async\" width=\"1024\" height=\"792\" src=\"https:\/\/iesjaroso.es\/wp-content\/uploads\/Erasmus2-2-1024x792.jpg\" alt=\"\" class=\"wp-image-4185\" srcset=\"https:\/\/iesjaroso.es\/wp-content\/uploads\/Erasmus2-2-1024x792.jpg 1024w, https:\/\/iesjaroso.es\/wp-content\/uploads\/Erasmus2-2-300x232.jpg 300w, https:\/\/iesjaroso.es\/wp-content\/uploads\/Erasmus2-2-768x594.jpg 768w, https:\/\/iesjaroso.es\/wp-content\/uploads\/Erasmus2-2-1536x1189.jpg 1536w, https:\/\/iesjaroso.es\/wp-content\/uploads\/Erasmus2-2-349x270.jpg 349w, https:\/\/iesjaroso.es\/wp-content\/uploads\/Erasmus2-2.jpg 1693w\" sizes=\"(max-width: 1024px) 100vw, 1024px\" \/><\/figure>\n\n\n\n<p><\/p>\n","protected":false},"excerpt":{"rendered":"<p>Estamos encantados de informar que por fin el Erasmus + SCH para Secundaria, Bachillerato y Educaci\u00f3n Especial puede empezar! El convenio de colaboraci\u00f3n con el SEPIE (Servicio de &nbsp;Espa\u00f1ol para la Internacionalizaci\u00f3n de la Educaci\u00f3n) &nbsp;est\u00e1 firmado y la campa\u00f1a de difusi\u00f3n del &nbsp;Erasmus + SCH (Scholar) en el Jaroso se ha puesto en marcha. [&hellip;]<\/p>\n","protected":false},"author":1,"featured_media":0,"comment_status":"closed","ping_status":"open","sticky":false,"template":"","format":"standard","meta":{"footnotes":""},"categories":[36],"tags":[],"class_list":["post-4182","post","type-post","status-publish","format-standard","hentry","category-erasmus"],"_links":{"self":[{"href":"https:\/\/iesjaroso.es\/index.php?rest_route=\/wp\/v2\/posts\/4182","targetHints":{"allow":["GET"]}}],"collection":[{"href":"https:\/\/iesjaroso.es\/index.php?rest_route=\/wp\/v2\/posts"}],"about":[{"href":"https:\/\/iesjaroso.es\/index.php?rest_route=\/wp\/v2\/types\/post"}],"author":[{"embeddable":true,"href":"https:\/\/iesjaroso.es\/index.php?rest_route=\/wp\/v2\/users\/1"}],"replies":[{"embeddable":true,"href":"https:\/\/iesjaroso.es\/index.php?rest_route=%2Fwp%2Fv2%2Fcomments&post=4182"}],"version-history":[{"count":2,"href":"https:\/\/iesjaroso.es\/index.php?rest_route=\/wp\/v2\/posts\/4182\/revisions"}],"predecessor-version":[{"id":4187,"href":"https:\/\/iesjaroso.es\/index.php?rest_route=\/wp\/v2\/posts\/4182\/revisions\/4187"}],"wp:attachment":[{"href":"https:\/\/iesjaroso.es\/index.php?rest_route=%2Fwp%2Fv2%2Fmedia&parent=4182"}],"wp:term":[{"taxonomy":"category","embeddable":true,"href":"https:\/\/iesjaroso.es\/index.php?rest_route=%2Fwp%2Fv2%2Fcategories&post=4182"},{"taxonomy":"post_tag","embeddable":true,"href":"https:\/\/iesjaroso.es\/index.php?rest_route=%2Fwp%2Fv2%2Ftags&post=4182"}],"curies":[{"name":"wp","href":"https:\/\/api.w.org\/{rel}","templated":true}]}}