{"id":4219,"date":"2024-10-13T18:17:23","date_gmt":"2024-10-13T16:17:23","guid":{"rendered":"https:\/\/iesjaroso.es\/?p=4219"},"modified":"2024-10-13T18:18:15","modified_gmt":"2024-10-13T16:18:15","slug":"erasmus-days-14-al-18-octubre","status":"publish","type":"post","link":"https:\/\/iesjaroso.es\/?p=4219","title":{"rendered":"Erasmus Days del 14 al 18 octubre"},"content":{"rendered":"<div class=\"wp-block-image\">\n<figure class=\"aligncenter size-full\"><img fetchpriority=\"high\" decoding=\"async\" width=\"446\" height=\"114\" src=\"https:\/\/iesjaroso.es\/wp-content\/uploads\/MANOS-Y-BADERAS.jpg\" alt=\"\" class=\"wp-image-4220\" srcset=\"https:\/\/iesjaroso.es\/wp-content\/uploads\/MANOS-Y-BADERAS.jpg 446w, https:\/\/iesjaroso.es\/wp-content\/uploads\/MANOS-Y-BADERAS-300x77.jpg 300w\" sizes=\"(max-width: 446px) 100vw, 446px\" \/><\/figure>\n<\/div>\n\n\n<p>Queridos alumnos y alumnas del Jaroso,<\/p>\n\n\n\n<p>Durante la semana 14-18 de octubre de 2024 se va a celebrar en el Jaroso ERASMUS+ DAYS (Los d\u00edas del Erasmus+) para dar a conocer las oportunidades del programa europeo Erasmus + para ESO, Bachillerato y Educaci\u00f3n Especial.<\/p>\n\n\n\n<p>\u00bfQuieres que tu idea viaje por Europa acompa\u00f1ado a los jaroseros como imagen oficial de nuestro instituto? Te invitamos a participar en el concurso del LOGO Erasmus+ Jaroso.<\/p>\n\n\n\n<p>\u00bfQu\u00e9 tienes que hacer?<\/p>\n\n\n\n<p>1.&nbsp;&nbsp;&nbsp;&nbsp;Ser original y dibujar (a mano o digital) el logo oficial del Jaroso participando en el Erasmus+.&nbsp; Es recomendable incluir en tu nuevo logo el logo del Jaroso (lo encuentras en la portada de la agenda escolar de los de 1\u00ba ESO o en internet). A\u00f1\u00e1dele m\u00e1s detalles tal como te imaginas t\u00fa la experiencia de estudiar, viajar y conocer otras culturas europeas.&nbsp;<\/p>\n\n\n\n<p>2.&nbsp;&nbsp;&nbsp;&nbsp;Enviar el logo (o sea la nueva imagen creada por ti) en&nbsp;<strong>formato pdf<\/strong>&nbsp;al email del Erasmus del Jaroso&nbsp;<a href=\"mailto:erasmus.iesjaroso@gmail.com\" target=\"_blank\" rel=\"noreferrer noopener\">erasmus.iesjaroso@gmail.com<\/a>&nbsp;antes de las&nbsp;<strong>19 h. del mi\u00e9rcoles 16 de octubre<\/strong>&nbsp;de la semana que viene.<\/p>\n\n\n\n<p>3.&nbsp;&nbsp;&nbsp;&nbsp;Esperar hasta el recreo del viernes 18 de octubre cuando, en el Aula Ateca, se va a dar a conocer el logo ganador el Erasmus + de este curso. El Director entregar\u00e1 personalmente un sustancial premio al creador del logo ganador.<\/p>\n\n\n\n<p>4.&nbsp;&nbsp;&nbsp;&nbsp;Jueves por la ma\u00f1ana los profesores del Jaroso van a votar a trav\u00e9s de un cuestionario an\u00f3nimo on line los primeros diez mejores logos.<\/p>\n\n\n\n<p>5.&nbsp;&nbsp;&nbsp;&nbsp;\u00a1Mientras tanto estate atento a tu IPas\u00e9n! Jueves por la tarde recibir\u00e1s un cuestionario online con todos los logos semifinalistas elegidos por los profesores, para que, a trav\u00e9s del cuestionario, elijas&nbsp;<em>on line<\/em>&nbsp;t\u00fa mismo\/a el&nbsp;<strong>logo finalista<\/strong>, \u00a1el que m\u00e1s te guste!<\/p>\n\n\n\n<p>\u00a1Contamos con tu participaci\u00f3n! \u00a1El Erasmus+ es de todo el Jaroso!<\/p>\n\n\n<div class=\"wp-block-image\">\n<figure class=\"aligncenter size-full\"><img decoding=\"async\" width=\"555\" height=\"524\" src=\"https:\/\/iesjaroso.es\/wp-content\/uploads\/MANOS-MAPA.jpg\" alt=\"\" class=\"wp-image-4221\" srcset=\"https:\/\/iesjaroso.es\/wp-content\/uploads\/MANOS-MAPA.jpg 555w, https:\/\/iesjaroso.es\/wp-content\/uploads\/MANOS-MAPA-300x283.jpg 300w, https:\/\/iesjaroso.es\/wp-content\/uploads\/MANOS-MAPA-286x270.jpg 286w\" sizes=\"(max-width: 555px) 100vw, 555px\" \/><\/figure>\n<\/div>\n\n<div class=\"wp-block-image\">\n<figure class=\"aligncenter size-full\"><img decoding=\"async\" width=\"318\" height=\"159\" src=\"https:\/\/iesjaroso.es\/wp-content\/uploads\/Enriqueciendo-vidas-cambiando-mentes.png\" alt=\"\" class=\"wp-image-4222\" srcset=\"https:\/\/iesjaroso.es\/wp-content\/uploads\/Enriqueciendo-vidas-cambiando-mentes.png 318w, https:\/\/iesjaroso.es\/wp-content\/uploads\/Enriqueciendo-vidas-cambiando-mentes-300x150.png 300w\" sizes=\"(max-width: 318px) 100vw, 318px\" \/><\/figure>\n<\/div>","protected":false},"excerpt":{"rendered":"<p>Queridos alumnos y alumnas del Jaroso, Durante la semana 14-18 de octubre de 2024 se va a celebrar en el Jaroso ERASMUS+ DAYS (Los d\u00edas del Erasmus+) para dar a conocer las oportunidades del programa europeo Erasmus + para ESO, Bachillerato y Educaci\u00f3n Especial. \u00bfQuieres que tu idea viaje por Europa acompa\u00f1ado a los jaroseros [&hellip;]<\/p>\n","protected":false},"author":1,"featured_media":0,"comment_status":"closed","ping_status":"open","sticky":false,"template":"","format":"standard","meta":{"footnotes":""},"categories":[36],"tags":[],"class_list":["post-4219","post","type-post","status-publish","format-standard","hentry","category-erasmus"],"_links":{"self":[{"href":"https:\/\/iesjaroso.es\/index.php?rest_route=\/wp\/v2\/posts\/4219","targetHints":{"allow":["GET"]}}],"collection":[{"href":"https:\/\/iesjaroso.es\/index.php?rest_route=\/wp\/v2\/posts"}],"about":[{"href":"https:\/\/iesjaroso.es\/index.php?rest_route=\/wp\/v2\/types\/post"}],"author":[{"embeddable":true,"href":"https:\/\/iesjaroso.es\/index.php?rest_route=\/wp\/v2\/users\/1"}],"replies":[{"embeddable":true,"href":"https:\/\/iesjaroso.es\/index.php?rest_route=%2Fwp%2Fv2%2Fcomments&post=4219"}],"version-history":[{"count":4,"href":"https:\/\/iesjaroso.es\/index.php?rest_route=\/wp\/v2\/posts\/4219\/revisions"}],"predecessor-version":[{"id":4231,"href":"https:\/\/iesjaroso.es\/index.php?rest_route=\/wp\/v2\/posts\/4219\/revisions\/4231"}],"wp:attachment":[{"href":"https:\/\/iesjaroso.es\/index.php?rest_route=%2Fwp%2Fv2%2Fmedia&parent=4219"}],"wp:term":[{"taxonomy":"category","embeddable":true,"href":"https:\/\/iesjaroso.es\/index.php?rest_route=%2Fwp%2Fv2%2Fcategories&post=4219"},{"taxonomy":"post_tag","embeddable":true,"href":"https:\/\/iesjaroso.es\/index.php?rest_route=%2Fwp%2Fv2%2Ftags&post=4219"}],"curies":[{"name":"wp","href":"https:\/\/api.w.org\/{rel}","templated":true}]}}