{"id":4243,"date":"2024-10-16T19:38:41","date_gmt":"2024-10-16T17:38:41","guid":{"rendered":"https:\/\/iesjaroso.es\/?p=4243"},"modified":"2024-10-16T19:59:27","modified_gmt":"2024-10-16T17:59:27","slug":"segundo-dia-erasmus-days","status":"publish","type":"post","link":"https:\/\/iesjaroso.es\/?p=4243","title":{"rendered":"Segundo d\u00eda &#8211; Erasmus Days"},"content":{"rendered":"\n<p><img decoding=\"async\" alt=\"&#x1f4cc;\" src=\"https:\/\/fonts.gstatic.com\/s\/e\/notoemoji\/15.1\/1f4cc\/32.png\">Segundo d\u00eda ERASMUS DAYS 2024, martes 15 de octubre de 2024&nbsp;<img decoding=\"async\" alt=\"&#x1f4cc;\" src=\"https:\/\/fonts.gstatic.com\/s\/e\/notoemoji\/15.1\/1f4cc\/32.png\"><\/p>\n\n\n\n<p><img decoding=\"async\" alt=\"&#x1f4cd;\" src=\"https:\/\/fonts.gstatic.com\/s\/e\/notoemoji\/15.1\/1f4cd\/32.png\">Charla informativa para el alumnado de Educaci\u00f3n Especifica de nuestro instituto<img decoding=\"async\" alt=\"&#x1f4e2;\" src=\"https:\/\/fonts.gstatic.com\/s\/e\/notoemoji\/15.1\/1f4e2\/32.png\">. Desde el curso pasado el alumnado del aula especifica est\u00e1 acostumbrado a colaborar con el proyecto Erasmus+<img decoding=\"async\" alt=\"&#x1f44f;&#x1f3fb;\" src=\"https:\/\/fonts.gstatic.com\/s\/e\/notoemoji\/15.1\/1f44f_1f3fb\/32.png\"><img decoding=\"async\" alt=\"&#x1f44f;&#x1f3fb;\" src=\"https:\/\/fonts.gstatic.com\/s\/e\/notoemoji\/15.1\/1f44f_1f3fb\/32.png\">&nbsp;por lo cual a partir de este curso est\u00e1n ansiosos por participar en las futuras&nbsp; movilidades europeas.&nbsp;<img decoding=\"async\" alt=\"&#x1f61c;\" src=\"https:\/\/fonts.gstatic.com\/s\/e\/notoemoji\/15.1\/1f61c\/32.png\">Como sabemos, la inclusi\u00f3n activa de todo el alumnado representa una de las l\u00edneas de actuaci\u00f3n magistrales del Programa Erasmus + actual de la Uni\u00f3n Europea.&nbsp;<img decoding=\"async\" alt=\"&#x1f493;\" src=\"https:\/\/fonts.gstatic.com\/s\/e\/notoemoji\/15.1\/1f493\/32.png\">Se les a explicado la esencia del Erasmus+<img decoding=\"async\" alt=\"&#x2600;&#xfe0f;\" src=\"https:\/\/fonts.gstatic.com\/s\/e\/notoemoji\/15.1\/2600_fe0f\/32.png\">&nbsp;y les hemos invitado a participar en el Concurso del LOGO&nbsp; ERASMUS+ DEL JAROSO.&nbsp;<img decoding=\"async\" alt=\"&#x1f4ab;\" src=\"https:\/\/fonts.gstatic.com\/s\/e\/notoemoji\/15.1\/1f4ab\/32.png\"><\/p>\n\n\n\n<p><img decoding=\"async\" alt=\"&#x1f389;\" src=\"https:\/\/fonts.gstatic.com\/s\/e\/notoemoji\/15.1\/1f389\/32.png\">Erasmus +&nbsp;<img decoding=\"async\" alt=\"&#x1f1ea;&#x1f1fa;\" src=\"https:\/\/fonts.gstatic.com\/s\/e\/notoemoji\/15.1\/1f1ea_1f1fa\/32.png\">es de todos los del Jaroso.<img decoding=\"async\" alt=\"&#x1f389;\" src=\"https:\/\/fonts.gstatic.com\/s\/e\/notoemoji\/15.1\/1f389\/32.png\"><\/p>\n\n\n\n<p><img decoding=\"async\" alt=\"&#x1fa84;\" src=\"https:\/\/fonts.gstatic.com\/s\/e\/notoemoji\/15.1\/1fa84\/32.png\">ERASMUS+ enriqueciendo vidas, abriendo mentes.<img decoding=\"async\" alt=\"&#x1fa84;\" src=\"https:\/\/fonts.gstatic.com\/s\/e\/notoemoji\/15.1\/1fa84\/32.png\"><\/p>\n\n\n<div class=\"wp-block-image\">\n<figure class=\"aligncenter size-full\"><img fetchpriority=\"high\" decoding=\"async\" width=\"358\" height=\"141\" src=\"https:\/\/iesjaroso.es\/wp-content\/uploads\/unnamed-1.png\" alt=\"\" class=\"wp-image-4244\" srcset=\"https:\/\/iesjaroso.es\/wp-content\/uploads\/unnamed-1.png 358w, https:\/\/iesjaroso.es\/wp-content\/uploads\/unnamed-1-300x118.png 300w\" sizes=\"(max-width: 358px) 100vw, 358px\" \/><\/figure>\n<\/div>\n\n\n<figure class=\"wp-block-image size-large\"><img decoding=\"async\" width=\"1024\" height=\"1016\" src=\"https:\/\/iesjaroso.es\/wp-content\/uploads\/1-6-1024x1016.jpg\" alt=\"\" class=\"wp-image-4246\" srcset=\"https:\/\/iesjaroso.es\/wp-content\/uploads\/1-6-1024x1016.jpg 1024w, https:\/\/iesjaroso.es\/wp-content\/uploads\/1-6-300x298.jpg 300w, https:\/\/iesjaroso.es\/wp-content\/uploads\/1-6-150x150.jpg 150w, https:\/\/iesjaroso.es\/wp-content\/uploads\/1-6-768x762.jpg 768w, https:\/\/iesjaroso.es\/wp-content\/uploads\/1-6-272x270.jpg 272w, https:\/\/iesjaroso.es\/wp-content\/uploads\/1-6.jpg 1080w\" sizes=\"(max-width: 1024px) 100vw, 1024px\" \/><\/figure>\n\n\n<div class=\"wp-block-image\">\n<figure class=\"aligncenter size-large\"><img decoding=\"async\" width=\"1024\" height=\"768\" src=\"https:\/\/iesjaroso.es\/wp-content\/uploads\/2-5-1024x768.jpg\" alt=\"\" class=\"wp-image-4247\" srcset=\"https:\/\/iesjaroso.es\/wp-content\/uploads\/2-5-1024x768.jpg 1024w, https:\/\/iesjaroso.es\/wp-content\/uploads\/2-5-300x225.jpg 300w, https:\/\/iesjaroso.es\/wp-content\/uploads\/2-5-768x576.jpg 768w, https:\/\/iesjaroso.es\/wp-content\/uploads\/2-5-1536x1152.jpg 1536w, https:\/\/iesjaroso.es\/wp-content\/uploads\/2-5-360x270.jpg 360w, https:\/\/iesjaroso.es\/wp-content\/uploads\/2-5.jpg 2048w\" sizes=\"(max-width: 1024px) 100vw, 1024px\" \/><\/figure>\n<\/div>","protected":false},"excerpt":{"rendered":"<p>Segundo d\u00eda ERASMUS DAYS 2024, martes 15 de octubre de 2024&nbsp; Charla informativa para el alumnado de Educaci\u00f3n Especifica de nuestro instituto. Desde el curso pasado el alumnado del aula especifica est\u00e1 acostumbrado a colaborar con el proyecto Erasmus+&nbsp;por lo cual a partir de este curso est\u00e1n ansiosos por participar en las futuras&nbsp; movilidades europeas.&nbsp;Como [&hellip;]<\/p>\n","protected":false},"author":1,"featured_media":0,"comment_status":"closed","ping_status":"open","sticky":false,"template":"","format":"standard","meta":{"footnotes":""},"categories":[36],"tags":[],"class_list":["post-4243","post","type-post","status-publish","format-standard","hentry","category-erasmus"],"_links":{"self":[{"href":"https:\/\/iesjaroso.es\/index.php?rest_route=\/wp\/v2\/posts\/4243","targetHints":{"allow":["GET"]}}],"collection":[{"href":"https:\/\/iesjaroso.es\/index.php?rest_route=\/wp\/v2\/posts"}],"about":[{"href":"https:\/\/iesjaroso.es\/index.php?rest_route=\/wp\/v2\/types\/post"}],"author":[{"embeddable":true,"href":"https:\/\/iesjaroso.es\/index.php?rest_route=\/wp\/v2\/users\/1"}],"replies":[{"embeddable":true,"href":"https:\/\/iesjaroso.es\/index.php?rest_route=%2Fwp%2Fv2%2Fcomments&post=4243"}],"version-history":[{"count":2,"href":"https:\/\/iesjaroso.es\/index.php?rest_route=\/wp\/v2\/posts\/4243\/revisions"}],"predecessor-version":[{"id":4261,"href":"https:\/\/iesjaroso.es\/index.php?rest_route=\/wp\/v2\/posts\/4243\/revisions\/4261"}],"wp:attachment":[{"href":"https:\/\/iesjaroso.es\/index.php?rest_route=%2Fwp%2Fv2%2Fmedia&parent=4243"}],"wp:term":[{"taxonomy":"category","embeddable":true,"href":"https:\/\/iesjaroso.es\/index.php?rest_route=%2Fwp%2Fv2%2Fcategories&post=4243"},{"taxonomy":"post_tag","embeddable":true,"href":"https:\/\/iesjaroso.es\/index.php?rest_route=%2Fwp%2Fv2%2Ftags&post=4243"}],"curies":[{"name":"wp","href":"https:\/\/api.w.org\/{rel}","templated":true}]}}