{"id":4249,"date":"2024-10-16T19:44:12","date_gmt":"2024-10-16T17:44:12","guid":{"rendered":"https:\/\/iesjaroso.es\/?p=4249"},"modified":"2024-10-16T19:44:12","modified_gmt":"2024-10-16T17:44:12","slug":"tercer-dia-erasmus-days","status":"publish","type":"post","link":"https:\/\/iesjaroso.es\/?p=4249","title":{"rendered":"Tercer d\u00eda &#8211; Erasmus Days"},"content":{"rendered":"\n<p>ERASMUS DAYS<\/p>\n\n\n\n<figure class=\"wp-block-image\"><img decoding=\"async\" src=\"https:\/\/fonts.gstatic.com\/s\/e\/notoemoji\/15.1\/1f4cc\/32.png\" alt=\"&#x1f4cc;\"\/><\/figure>\n\n\n\n<p>Tercer d\u00eda ERASMUS DAYS 2024, mi\u00e9rcoles 16 de octubre de 2024&nbsp;<\/p>\n\n\n\n<figure class=\"wp-block-image\"><img decoding=\"async\" src=\"https:\/\/fonts.gstatic.com\/s\/e\/notoemoji\/15.1\/1f4cc\/32.png\" alt=\"&#x1f4cc;\"\/><\/figure>\n\n\n\n<figure class=\"wp-block-image\"><img decoding=\"async\" src=\"https:\/\/fonts.gstatic.com\/s\/e\/notoemoji\/15.1\/1f4cd\/32.png\" alt=\"&#x1f4cd;\"\/><\/figure>\n\n\n\n<p>Difusi\u00f3n transversal &nbsp;del programa a trav\u00e9s de los\/las tutores\/as de ESO del Jaroso.<\/p>\n\n\n\n<figure class=\"wp-block-image\"><img decoding=\"async\" src=\"https:\/\/fonts.gstatic.com\/s\/e\/notoemoji\/15.1\/1f4e2\/32.png\" alt=\"&#x1f4e2;\"\/><\/figure>\n\n\n\n<p>&nbsp;Dar a conocer el Programa europeo Erasmus+&nbsp;<\/p>\n\n\n\n<figure class=\"wp-block-image\"><img decoding=\"async\" src=\"https:\/\/fonts.gstatic.com\/s\/e\/notoemoji\/15.1\/1f1ea_1f1fa\/32.png\" alt=\"&#x1f1ea;&#x1f1fa;\"\/><\/figure>\n\n\n\n<p>&nbsp;a todo el alumnado del Jaroso<\/p>\n\n\n\n<figure class=\"wp-block-image\"><img decoding=\"async\" src=\"https:\/\/fonts.gstatic.com\/s\/e\/notoemoji\/15.1\/1f1ea_1f1f8\/32.png\" alt=\"&#x1f1ea;&#x1f1f8;\"\/><\/figure>\n\n\n\n<p>&nbsp;es uno de nuestro principal objetivo<\/p>\n\n\n\n<figure class=\"wp-block-image\"><img decoding=\"async\" src=\"https:\/\/fonts.gstatic.com\/s\/e\/notoemoji\/15.1\/2705\/32.png\" alt=\"&#x2705;\"\/><\/figure>\n\n\n\n<p>. A trav\u00e9s de los\/las tutores\/as de todos los niveles de ESO, a lo largo de esta semana ERASMUS DAYS se comunicar\u00e1 en las clases de tutoria del alumnado de ESO la importancia, las ventajas de las movilidades europeas en otros centros hom\u00f3logos, el objetivo, la misi\u00f3n y los valores del ERASMUS + 2024-2025. &nbsp; Agradecemos enormemente&nbsp;<\/p>\n\n\n\n<figure class=\"wp-block-image\"><img decoding=\"async\" src=\"https:\/\/fonts.gstatic.com\/s\/e\/notoemoji\/15.1\/1f44f_1f3fb\/32.png\" alt=\"&#x1f44f;&#x1f3fb;\"\/><\/figure>\n\n\n\n<figure class=\"wp-block-image\"><img decoding=\"async\" src=\"https:\/\/fonts.gstatic.com\/s\/e\/notoemoji\/15.1\/1f493\/32.png\" alt=\"&#x1f493;\"\/><\/figure>\n\n\n\n<figure class=\"wp-block-image\"><img decoding=\"async\" src=\"https:\/\/fonts.gstatic.com\/s\/e\/notoemoji\/15.1\/1f44f_1f3fb\/32.png\" alt=\"&#x1f44f;&#x1f3fb;\"\/><\/figure>\n\n\n\n<p>&nbsp;a todos los tutores y las tutoras de nuestro centro la implicaci\u00f3n en la difusi\u00f3n del Erasmus +<\/p>\n\n\n\n<figure class=\"wp-block-image\"><img decoding=\"async\" src=\"https:\/\/fonts.gstatic.com\/s\/e\/notoemoji\/15.1\/1f1ea_1f1fa\/32.png\" alt=\"&#x1f1ea;&#x1f1fa;\"\/><\/figure>\n\n\n\n<p>.&nbsp; &nbsp; &nbsp; &nbsp;<\/p>\n\n\n\n<figure class=\"wp-block-image\"><img decoding=\"async\" src=\"https:\/\/fonts.gstatic.com\/s\/e\/notoemoji\/15.1\/1f389\/32.png\" alt=\"&#x1f389;\"\/><\/figure>\n\n\n\n<p>Erasmus +&nbsp;<\/p>\n\n\n\n<figure class=\"wp-block-image\"><img decoding=\"async\" src=\"https:\/\/fonts.gstatic.com\/s\/e\/notoemoji\/15.1\/1f1ea_1f1fa\/32.png\" alt=\"&#x1f1ea;&#x1f1fa;\"\/><\/figure>\n\n\n\n<p>&nbsp;es de todo el Jaroso.<\/p>\n\n\n\n<figure class=\"wp-block-image\"><img decoding=\"async\" src=\"https:\/\/fonts.gstatic.com\/s\/e\/notoemoji\/15.1\/1f389\/32.png\" alt=\"&#x1f389;\"\/><\/figure>\n\n\n\n<figure class=\"wp-block-image\"><img decoding=\"async\" src=\"https:\/\/fonts.gstatic.com\/s\/e\/notoemoji\/15.1\/1fa84\/32.png\" alt=\"&#x1fa84;\"\/><\/figure>\n\n\n\n<p>ERASMUS+ enriqueciendo vidas, abriendo mentes.<\/p>\n\n\n\n<figure class=\"wp-block-image\"><img decoding=\"async\" src=\"https:\/\/fonts.gstatic.com\/s\/e\/notoemoji\/15.1\/1fa84\/32.png\" alt=\"&#x1fa84;\"\/><\/figure>\n\n\n<div class=\"wp-block-image\">\n<figure class=\"aligncenter size-large\"><img fetchpriority=\"high\" decoding=\"async\" width=\"768\" height=\"1024\" src=\"https:\/\/iesjaroso.es\/wp-content\/uploads\/2-1-1-768x1024.jpg\" alt=\"\" class=\"wp-image-4250\" srcset=\"https:\/\/iesjaroso.es\/wp-content\/uploads\/2-1-1-768x1024.jpg 768w, https:\/\/iesjaroso.es\/wp-content\/uploads\/2-1-1-225x300.jpg 225w, https:\/\/iesjaroso.es\/wp-content\/uploads\/2-1-1-1152x1536.jpg 1152w, https:\/\/iesjaroso.es\/wp-content\/uploads\/2-1-1-203x270.jpg 203w, https:\/\/iesjaroso.es\/wp-content\/uploads\/2-1-1.jpg 1536w\" sizes=\"(max-width: 768px) 100vw, 768px\" \/><\/figure>\n<\/div>\n\n<div class=\"wp-block-image\">\n<figure class=\"aligncenter size-large\"><img decoding=\"async\" width=\"1024\" height=\"768\" src=\"https:\/\/iesjaroso.es\/wp-content\/uploads\/1-1-1-1024x768.jpg\" alt=\"\" class=\"wp-image-4251\" srcset=\"https:\/\/iesjaroso.es\/wp-content\/uploads\/1-1-1-1024x768.jpg 1024w, https:\/\/iesjaroso.es\/wp-content\/uploads\/1-1-1-300x225.jpg 300w, https:\/\/iesjaroso.es\/wp-content\/uploads\/1-1-1-768x576.jpg 768w, https:\/\/iesjaroso.es\/wp-content\/uploads\/1-1-1-1536x1152.jpg 1536w, https:\/\/iesjaroso.es\/wp-content\/uploads\/1-1-1-360x270.jpg 360w, https:\/\/iesjaroso.es\/wp-content\/uploads\/1-1-1.jpg 2048w\" sizes=\"(max-width: 1024px) 100vw, 1024px\" \/><\/figure>\n<\/div>\n\n<div class=\"wp-block-image\">\n<figure class=\"aligncenter size-full\"><img decoding=\"async\" width=\"910\" height=\"922\" src=\"https:\/\/iesjaroso.es\/wp-content\/uploads\/LOGO-Cofinanciado_Union_Europea.png\" alt=\"\" class=\"wp-image-4252\" srcset=\"https:\/\/iesjaroso.es\/wp-content\/uploads\/LOGO-Cofinanciado_Union_Europea.png 910w, https:\/\/iesjaroso.es\/wp-content\/uploads\/LOGO-Cofinanciado_Union_Europea-296x300.png 296w, https:\/\/iesjaroso.es\/wp-content\/uploads\/LOGO-Cofinanciado_Union_Europea-768x778.png 768w, https:\/\/iesjaroso.es\/wp-content\/uploads\/LOGO-Cofinanciado_Union_Europea-266x270.png 266w\" sizes=\"(max-width: 910px) 100vw, 910px\" \/><\/figure>\n<\/div>","protected":false},"excerpt":{"rendered":"<p>ERASMUS DAYS Tercer d\u00eda ERASMUS DAYS 2024, mi\u00e9rcoles 16 de octubre de 2024&nbsp; Difusi\u00f3n transversal &nbsp;del programa a trav\u00e9s de los\/las tutores\/as de ESO del Jaroso. &nbsp;Dar a conocer el Programa europeo Erasmus+&nbsp; &nbsp;a todo el alumnado del Jaroso &nbsp;es uno de nuestro principal objetivo . A trav\u00e9s de los\/las tutores\/as de todos los niveles [&hellip;]<\/p>\n","protected":false},"author":1,"featured_media":0,"comment_status":"closed","ping_status":"open","sticky":false,"template":"","format":"standard","meta":{"footnotes":""},"categories":[36],"tags":[],"class_list":["post-4249","post","type-post","status-publish","format-standard","hentry","category-erasmus"],"_links":{"self":[{"href":"https:\/\/iesjaroso.es\/index.php?rest_route=\/wp\/v2\/posts\/4249","targetHints":{"allow":["GET"]}}],"collection":[{"href":"https:\/\/iesjaroso.es\/index.php?rest_route=\/wp\/v2\/posts"}],"about":[{"href":"https:\/\/iesjaroso.es\/index.php?rest_route=\/wp\/v2\/types\/post"}],"author":[{"embeddable":true,"href":"https:\/\/iesjaroso.es\/index.php?rest_route=\/wp\/v2\/users\/1"}],"replies":[{"embeddable":true,"href":"https:\/\/iesjaroso.es\/index.php?rest_route=%2Fwp%2Fv2%2Fcomments&post=4249"}],"version-history":[{"count":1,"href":"https:\/\/iesjaroso.es\/index.php?rest_route=\/wp\/v2\/posts\/4249\/revisions"}],"predecessor-version":[{"id":4253,"href":"https:\/\/iesjaroso.es\/index.php?rest_route=\/wp\/v2\/posts\/4249\/revisions\/4253"}],"wp:attachment":[{"href":"https:\/\/iesjaroso.es\/index.php?rest_route=%2Fwp%2Fv2%2Fmedia&parent=4249"}],"wp:term":[{"taxonomy":"category","embeddable":true,"href":"https:\/\/iesjaroso.es\/index.php?rest_route=%2Fwp%2Fv2%2Fcategories&post=4249"},{"taxonomy":"post_tag","embeddable":true,"href":"https:\/\/iesjaroso.es\/index.php?rest_route=%2Fwp%2Fv2%2Ftags&post=4249"}],"curies":[{"name":"wp","href":"https:\/\/api.w.org\/{rel}","templated":true}]}}