{"id":4270,"date":"2024-10-18T18:03:21","date_gmt":"2024-10-18T16:03:21","guid":{"rendered":"https:\/\/iesjaroso.es\/?p=4270"},"modified":"2024-10-18T18:03:21","modified_gmt":"2024-10-18T16:03:21","slug":"semana-erasmus-plan-de-internalizacion","status":"publish","type":"post","link":"https:\/\/iesjaroso.es\/?p=4270","title":{"rendered":"Semana Erasmus+ Plan de Internalizaci\u00f3n"},"content":{"rendered":"\n<p>ERASMUS DAYS<\/p>\n\n\n\n<p><img decoding=\"async\" alt=\"&#x1f4cc;\" src=\"https:\/\/fonts.gstatic.com\/s\/e\/notoemoji\/15.1\/1f4cc\/32.png\">Tercer d\u00eda ERASMUS DAYS 2024, mi\u00e9rcoles 16 de octubre de 2024&nbsp;<img decoding=\"async\" alt=\"&#x1f4cc;\" src=\"https:\/\/fonts.gstatic.com\/s\/e\/notoemoji\/15.1\/1f4cc\/32.png\"><\/p>\n\n\n\n<p><img decoding=\"async\" alt=\"&#x1f4cd;\" src=\"https:\/\/fonts.gstatic.com\/s\/e\/notoemoji\/15.1\/1f4cd\/32.png\">Nuevo Plan de Internacionalizaci\u00f3n del Jaroso!&nbsp;<img decoding=\"async\" alt=\"&#x1f4e2;\" src=\"https:\/\/fonts.gstatic.com\/s\/e\/notoemoji\/15.1\/1f4e2\/32.png\">&nbsp;Desde hace tiempo el Jaroso apost\u00f3 decididamente por el Programa Erasmus con un primer Proyecto Erasmus para el alumnado de formaci\u00f3n profesional de ciclo medio. IES Jaroso comenz\u00f3 su participaci\u00f3n en el Programa Erasmus VET a partir de 2018 mediante la realizaci\u00f3n de movilidades con pr\u00e1cticas en empresas del alumnado de Ciclo Formativo de Grado Medio, lo que supuso un cambio sustancial en las competencias profesionales, personales y sociales del alumnado participante. Desde entonces se han ampliado progresivamente los proyectos Erasmus al \u00e1mbito educativo de Grado Superior de Formaci\u00f3n Profesional &nbsp;(HED) y, a partir del curso pasado, a proyectos europeos on line a trav\u00e9s del eTwinning para Secundaria.<\/p>\n\n\n\n<p>La misi\u00f3n internacional durante el actual curso 2024-2025 continua&nbsp;<img decoding=\"async\" alt=\"&#x1f493;\" src=\"https:\/\/fonts.gstatic.com\/s\/e\/notoemoji\/15.1\/1f493\/32.png\">&nbsp;con la ampliaci\u00f3n del Erasmus + a los niveles de ESO, Bachillerato y Educaci\u00f3n Especifica a trav\u00e9s de Erasmus + SCH. Se apuesta definitivamente por la inclusi\u00f3n y la integraci\u00f3n.&nbsp;<img decoding=\"async\" alt=\"&#x1f44f;\" src=\"https:\/\/fonts.gstatic.com\/s\/e\/notoemoji\/15.1\/1f44f\/32.png\">&nbsp;Todas las acciones del plan van a permitir, a m\u00e1s y m\u00e1s &nbsp;alumnos y alumnas del Jaroso, &nbsp;que ampl\u00eden su perspectiva educativa hacia nuevos horizontes europeos.<img decoding=\"async\" alt=\"&#x1f1ea;&#x1f1fa;\" src=\"https:\/\/fonts.gstatic.com\/s\/e\/notoemoji\/15.1\/1f1ea_1f1fa\/32.png\">&nbsp;Pretendemos Incluir el enfoque internacional en todo el Plan de Centro &nbsp;e incluir cambios sist\u00e9micos en el instituto a partir de los resultados obtenidos de los proyectos<br>Erasmus+. La &nbsp;reciente Acreditaci\u00f3n Erasmus+ SCH para ESO, Bachillerato y Educaci\u00f3n Especifica &nbsp;nos va a permitir &nbsp;desarrollar un nuevo proyecto KA121 SCH mas equitativo e inclusivo para &nbsp;dar respuesta a las exigencias educativas internacionales.<\/p>\n\n\n\n<p><img decoding=\"async\" alt=\"&#x1f389;\" src=\"https:\/\/fonts.gstatic.com\/s\/e\/notoemoji\/15.1\/1f389\/32.png\">Erasmus +&nbsp;<img decoding=\"async\" alt=\"&#x1f1ea;&#x1f1fa;\" src=\"https:\/\/fonts.gstatic.com\/s\/e\/notoemoji\/15.1\/1f1ea_1f1fa\/32.png\">&nbsp;es de todo el Jaroso.<img decoding=\"async\" alt=\"&#x1f389;\" src=\"https:\/\/fonts.gstatic.com\/s\/e\/notoemoji\/15.1\/1f389\/32.png\"><\/p>\n\n\n<div class=\"wp-block-image\">\n<figure class=\"aligncenter size-full\"><img fetchpriority=\"high\" decoding=\"async\" width=\"351\" height=\"143\" src=\"https:\/\/iesjaroso.es\/wp-content\/uploads\/Erasmus_-1.png\" alt=\"\" class=\"wp-image-4271\" srcset=\"https:\/\/iesjaroso.es\/wp-content\/uploads\/Erasmus_-1.png 351w, https:\/\/iesjaroso.es\/wp-content\/uploads\/Erasmus_-1-300x122.png 300w\" sizes=\"(max-width: 351px) 100vw, 351px\" \/><\/figure>\n<\/div>","protected":false},"excerpt":{"rendered":"<p>ERASMUS DAYS Tercer d\u00eda ERASMUS DAYS 2024, mi\u00e9rcoles 16 de octubre de 2024&nbsp; Nuevo Plan de Internacionalizaci\u00f3n del Jaroso!&nbsp;&nbsp;Desde hace tiempo el Jaroso apost\u00f3 decididamente por el Programa Erasmus con un primer Proyecto Erasmus para el alumnado de formaci\u00f3n profesional de ciclo medio. IES Jaroso comenz\u00f3 su participaci\u00f3n en el Programa Erasmus VET a partir [&hellip;]<\/p>\n","protected":false},"author":1,"featured_media":0,"comment_status":"closed","ping_status":"open","sticky":false,"template":"","format":"standard","meta":{"footnotes":""},"categories":[36],"tags":[],"class_list":["post-4270","post","type-post","status-publish","format-standard","hentry","category-erasmus"],"_links":{"self":[{"href":"https:\/\/iesjaroso.es\/index.php?rest_route=\/wp\/v2\/posts\/4270","targetHints":{"allow":["GET"]}}],"collection":[{"href":"https:\/\/iesjaroso.es\/index.php?rest_route=\/wp\/v2\/posts"}],"about":[{"href":"https:\/\/iesjaroso.es\/index.php?rest_route=\/wp\/v2\/types\/post"}],"author":[{"embeddable":true,"href":"https:\/\/iesjaroso.es\/index.php?rest_route=\/wp\/v2\/users\/1"}],"replies":[{"embeddable":true,"href":"https:\/\/iesjaroso.es\/index.php?rest_route=%2Fwp%2Fv2%2Fcomments&post=4270"}],"version-history":[{"count":1,"href":"https:\/\/iesjaroso.es\/index.php?rest_route=\/wp\/v2\/posts\/4270\/revisions"}],"predecessor-version":[{"id":4272,"href":"https:\/\/iesjaroso.es\/index.php?rest_route=\/wp\/v2\/posts\/4270\/revisions\/4272"}],"wp:attachment":[{"href":"https:\/\/iesjaroso.es\/index.php?rest_route=%2Fwp%2Fv2%2Fmedia&parent=4270"}],"wp:term":[{"taxonomy":"category","embeddable":true,"href":"https:\/\/iesjaroso.es\/index.php?rest_route=%2Fwp%2Fv2%2Fcategories&post=4270"},{"taxonomy":"post_tag","embeddable":true,"href":"https:\/\/iesjaroso.es\/index.php?rest_route=%2Fwp%2Fv2%2Ftags&post=4270"}],"curies":[{"name":"wp","href":"https:\/\/api.w.org\/{rel}","templated":true}]}}