{"id":4273,"date":"2024-10-19T11:35:49","date_gmt":"2024-10-19T09:35:49","guid":{"rendered":"https:\/\/iesjaroso.es\/?p=4273"},"modified":"2024-10-19T11:36:52","modified_gmt":"2024-10-19T09:36:52","slug":"erasmus-days-2024","status":"publish","type":"post","link":"https:\/\/iesjaroso.es\/?p=4273","title":{"rendered":"ERASMUS DAYS 2024"},"content":{"rendered":"\n<p>&nbsp;<img decoding=\"async\" alt=\"&#x1f4cc;\" src=\"https:\/\/fonts.gstatic.com\/s\/e\/notoemoji\/15.1\/1f4cc\/32.png\">Tercer d\u00eda ERASMUS DAYS 2024, mi\u00e9rcoles 16 de octubre de 2024 <img decoding=\"async\" alt=\"&#x1f4cc;\" src=\"https:\/\/fonts.gstatic.com\/s\/e\/notoemoji\/15.1\/1f4cc\/32.png\"><\/p>\n\n\n\n<p><img decoding=\"async\" src=\"https:\/\/fonts.gstatic.com\/s\/e\/notoemoji\/15.1\/1f4cd\/32.png\" alt=\"&#x1f4cd;\">Difusi\u00f3n informativa para todas las familias del alumnado de nuestro instituto. <img decoding=\"async\" src=\"https:\/\/fonts.gstatic.com\/s\/e\/notoemoji\/15.1\/1f4cd\/32.png\" alt=\"&#x1f4cd;\"><\/p>\n\n\n\n<p>Estimadas familias, Informamos que durante la semana 14 a 18 de octubre 2024 estamos celebrando en nuestro instituto ERASMUS+ DAYS 2024.<\/p>\n\n\n\n<p>\u00a0\u00a0\u00a0\u00a0\u00a0\u00a0\u00a0\u00a0\u00a0\u00a0\u00a0 \u00a0\u00bfQu\u00e9 es Erasmus +?\u00a0 Erasmus+ es una oportunidad \u00fanica en la vida, que a partir de este curso hasta 2027, el IES Jaroso ofrece a todo su alumnado de ESO, Bachillerato y Educaci\u00f3n Especial.<\/p>\n\n\n\n<p>\u00bfLes gustar\u00eda que vuestro\/a hijo\/hija conozca otros pa\u00edses y culturas de la Uni\u00f3n Europea estudiando una semana o incluso m\u00e1s en otra escuela hom\u00f3loga viviendo de primera mano una experiencia inolvidable?<\/p>\n\n\n\n<p>Por otra parte, en las clases de tutor\u00eda de esta semana se le comunicar\u00e1 oficialmente a vuestro\/a hijo\/hija lo que es el Programa Erasmus+&nbsp;SCH.<\/p>\n\n\n\n<p>Si es que s\u00ed <strong>\u00a1esperamos <\/strong><strong>contar con vuestro apoyo en el <\/strong><strong>Erasmus+! <\/strong>\u00a0El Erasmus +,\u00a0 proyecto cofinanciado por la Uni\u00f3n Europea, es de todos: centro educativo, alumnado y familias. Si est\u00e1is interesados en que vuestro\/a hijo\/hija participe en el proyecto europeo Erasmus+ les invitamos a estar muy atentos al iPasen y a la web del Jaroso \u00a0<a href=\"http:\/\/www.iesjaroso.es\" target=\"_blank\" rel=\"noreferrer noopener\">www.iesjaroso.es<\/a> puesto que ser\u00e1n la v\u00eda oficial de difusi\u00f3n de toda la informaci\u00f3n que necesit\u00e1is saber para poder acceder al Erasmus + (pa\u00edses de destino, condiciones de participaci\u00f3n, baremo de selecci\u00f3n del alumnado, etc.)<\/p>\n\n\n\n<p>&nbsp;\u00a1Os mantendremos informados! Esperando contar con vuestra colaboraci\u00f3n reciban un caluroso saludo,<\/p>\n\n\n\n<p>Coordinaci\u00f3n Erasmus+ SCH<\/p>\n\n\n\n<p>\u00a1<strong>Erasmus+ enriqueciendo vidas,&nbsp; abriendo mente<\/strong><strong>s!<\/strong><\/p>\n\n\n\n<p>\u00a1Erasmus+ \u00a0es de todos los del Jaroso!<\/p>\n\n\n\n<p><img decoding=\"async\" alt=\"&#x1fa84;\" src=\"https:\/\/fonts.gstatic.com\/s\/e\/notoemoji\/15.1\/1fa84\/32.png\">ERASMUS+ enriqueciendo vidas, abriendo mentes.<img decoding=\"async\" alt=\"&#x1fa84;\" src=\"https:\/\/fonts.gstatic.com\/s\/e\/notoemoji\/15.1\/1fa84\/32.png\"><\/p>\n\n\n<div class=\"wp-block-image\">\n<figure class=\"aligncenter size-full\"><img fetchpriority=\"high\" decoding=\"async\" width=\"319\" height=\"158\" src=\"https:\/\/iesjaroso.es\/wp-content\/uploads\/E5.jpg\" alt=\"\" class=\"wp-image-4276\" srcset=\"https:\/\/iesjaroso.es\/wp-content\/uploads\/E5.jpg 319w, https:\/\/iesjaroso.es\/wp-content\/uploads\/E5-300x149.jpg 300w\" sizes=\"(max-width: 319px) 100vw, 319px\" \/><\/figure>\n<\/div>\n\n<div class=\"wp-block-image\">\n<figure class=\"aligncenter size-full\"><img decoding=\"async\" width=\"351\" height=\"143\" src=\"https:\/\/iesjaroso.es\/wp-content\/uploads\/Erasmus_2.png\" alt=\"\" class=\"wp-image-4277\" srcset=\"https:\/\/iesjaroso.es\/wp-content\/uploads\/Erasmus_2.png 351w, https:\/\/iesjaroso.es\/wp-content\/uploads\/Erasmus_2-300x122.png 300w\" sizes=\"(max-width: 351px) 100vw, 351px\" \/><\/figure>\n<\/div>","protected":false},"excerpt":{"rendered":"<p>&nbsp;Tercer d\u00eda ERASMUS DAYS 2024, mi\u00e9rcoles 16 de octubre de 2024 Difusi\u00f3n informativa para todas las familias del alumnado de nuestro instituto. Estimadas familias, Informamos que durante la semana 14 a 18 de octubre 2024 estamos celebrando en nuestro instituto ERASMUS+ DAYS 2024. \u00a0\u00a0\u00a0\u00a0\u00a0\u00a0\u00a0\u00a0\u00a0\u00a0\u00a0 \u00a0\u00bfQu\u00e9 es Erasmus +?\u00a0 Erasmus+ es una oportunidad \u00fanica en la [&hellip;]<\/p>\n","protected":false},"author":1,"featured_media":0,"comment_status":"closed","ping_status":"open","sticky":false,"template":"","format":"standard","meta":{"footnotes":""},"categories":[36],"tags":[],"class_list":["post-4273","post","type-post","status-publish","format-standard","hentry","category-erasmus"],"_links":{"self":[{"href":"https:\/\/iesjaroso.es\/index.php?rest_route=\/wp\/v2\/posts\/4273","targetHints":{"allow":["GET"]}}],"collection":[{"href":"https:\/\/iesjaroso.es\/index.php?rest_route=\/wp\/v2\/posts"}],"about":[{"href":"https:\/\/iesjaroso.es\/index.php?rest_route=\/wp\/v2\/types\/post"}],"author":[{"embeddable":true,"href":"https:\/\/iesjaroso.es\/index.php?rest_route=\/wp\/v2\/users\/1"}],"replies":[{"embeddable":true,"href":"https:\/\/iesjaroso.es\/index.php?rest_route=%2Fwp%2Fv2%2Fcomments&post=4273"}],"version-history":[{"count":3,"href":"https:\/\/iesjaroso.es\/index.php?rest_route=\/wp\/v2\/posts\/4273\/revisions"}],"predecessor-version":[{"id":4278,"href":"https:\/\/iesjaroso.es\/index.php?rest_route=\/wp\/v2\/posts\/4273\/revisions\/4278"}],"wp:attachment":[{"href":"https:\/\/iesjaroso.es\/index.php?rest_route=%2Fwp%2Fv2%2Fmedia&parent=4273"}],"wp:term":[{"taxonomy":"category","embeddable":true,"href":"https:\/\/iesjaroso.es\/index.php?rest_route=%2Fwp%2Fv2%2Fcategories&post=4273"},{"taxonomy":"post_tag","embeddable":true,"href":"https:\/\/iesjaroso.es\/index.php?rest_route=%2Fwp%2Fv2%2Ftags&post=4273"}],"curies":[{"name":"wp","href":"https:\/\/api.w.org\/{rel}","templated":true}]}}