{"id":4451,"date":"2024-11-30T13:00:13","date_gmt":"2024-11-30T11:00:13","guid":{"rendered":"https:\/\/iesjaroso.es\/?p=4451"},"modified":"2024-11-30T13:00:13","modified_gmt":"2024-11-30T11:00:13","slug":"erasmus-sch-acta-baremo-provisional-a-italia-3o-eso","status":"publish","type":"post","link":"https:\/\/iesjaroso.es\/?p=4451","title":{"rendered":"Erasmus+ SCH acta baremo provisional a Italia 3\u00ba ESO"},"content":{"rendered":"\n<p>Se hace p\u00fablico el acta del baremo provisional del alumnado de 3\u00ba ESO\u00a0 candidato a una movilidad educativa europea Erasmus+ SCH a Italia.\u00a0<\/p>\n\n\n\n<p>A partir de lunes 2 de diciembre de 2024 se abre el periodo de dos d\u00edas de reclamaci\u00f3n: lunes, 2 de diciembre y martes, 3 de diciembre.&nbsp;<\/p>\n\n\n\n<p>Mi\u00e9rcoles 4 de diciembre se publicar\u00e1 el listado definitivo\u00a0del alumnado seleccionado.\u00a0<\/p>\n\n\n\n<div data-wp-interactive=\"core\/file\" class=\"wp-block-file\"><object data-wp-bind--hidden=\"!state.hasPdfPreview\" hidden class=\"wp-block-file__embed\" data=\"https:\/\/iesjaroso.es\/wp-content\/uploads\/Erasmus-SCH-listado-baremo-provisional-a-Italia-3o-ESO.pdf\" type=\"application\/pdf\" style=\"width:100%;height:600px\" aria-label=\"Incrustado de Erasmus + SCH listado baremo provisional a Italia 3\u00ba ESO.\"><\/object><a id=\"wp-block-file--media-74c58042-46fb-418e-8ef7-bdfcd081e309\" href=\"https:\/\/iesjaroso.es\/wp-content\/uploads\/Erasmus-SCH-listado-baremo-provisional-a-Italia-3o-ESO.pdf\">Erasmus + SCH listado baremo provisional a Italia 3\u00ba ESO<\/a><a href=\"https:\/\/iesjaroso.es\/wp-content\/uploads\/Erasmus-SCH-listado-baremo-provisional-a-Italia-3o-ESO.pdf\" class=\"wp-block-file__button wp-element-button\" download aria-describedby=\"wp-block-file--media-74c58042-46fb-418e-8ef7-bdfcd081e309\">Descarga<\/a><\/div>\n","protected":false},"excerpt":{"rendered":"<p>Se hace p\u00fablico el acta del baremo provisional del alumnado de 3\u00ba ESO\u00a0 candidato a una movilidad educativa europea Erasmus+ SCH a Italia.\u00a0 A partir de lunes 2 de diciembre de 2024 se abre el periodo de dos d\u00edas de reclamaci\u00f3n: lunes, 2 de diciembre y martes, 3 de diciembre.&nbsp; Mi\u00e9rcoles 4 de diciembre se [&hellip;]<\/p>\n","protected":false},"author":1,"featured_media":4319,"comment_status":"closed","ping_status":"open","sticky":false,"template":"","format":"standard","meta":{"footnotes":""},"categories":[36],"tags":[],"class_list":["post-4451","post","type-post","status-publish","format-standard","has-post-thumbnail","hentry","category-erasmus"],"_links":{"self":[{"href":"https:\/\/iesjaroso.es\/index.php?rest_route=\/wp\/v2\/posts\/4451","targetHints":{"allow":["GET"]}}],"collection":[{"href":"https:\/\/iesjaroso.es\/index.php?rest_route=\/wp\/v2\/posts"}],"about":[{"href":"https:\/\/iesjaroso.es\/index.php?rest_route=\/wp\/v2\/types\/post"}],"author":[{"embeddable":true,"href":"https:\/\/iesjaroso.es\/index.php?rest_route=\/wp\/v2\/users\/1"}],"replies":[{"embeddable":true,"href":"https:\/\/iesjaroso.es\/index.php?rest_route=%2Fwp%2Fv2%2Fcomments&post=4451"}],"version-history":[{"count":1,"href":"https:\/\/iesjaroso.es\/index.php?rest_route=\/wp\/v2\/posts\/4451\/revisions"}],"predecessor-version":[{"id":4453,"href":"https:\/\/iesjaroso.es\/index.php?rest_route=\/wp\/v2\/posts\/4451\/revisions\/4453"}],"wp:featuredmedia":[{"embeddable":true,"href":"https:\/\/iesjaroso.es\/index.php?rest_route=\/wp\/v2\/media\/4319"}],"wp:attachment":[{"href":"https:\/\/iesjaroso.es\/index.php?rest_route=%2Fwp%2Fv2%2Fmedia&parent=4451"}],"wp:term":[{"taxonomy":"category","embeddable":true,"href":"https:\/\/iesjaroso.es\/index.php?rest_route=%2Fwp%2Fv2%2Fcategories&post=4451"},{"taxonomy":"post_tag","embeddable":true,"href":"https:\/\/iesjaroso.es\/index.php?rest_route=%2Fwp%2Fv2%2Ftags&post=4451"}],"curies":[{"name":"wp","href":"https:\/\/api.w.org\/{rel}","templated":true}]}}