{"id":4477,"date":"2024-12-10T20:33:43","date_gmt":"2024-12-10T18:33:43","guid":{"rendered":"https:\/\/iesjaroso.es\/?p=4477"},"modified":"2024-12-10T21:02:15","modified_gmt":"2024-12-10T19:02:15","slug":"convocatoria-movilidad-alumnado-de-2o-eso-erasmus-sch-a-francia-2024-2025","status":"publish","type":"post","link":"https:\/\/iesjaroso.es\/?p=4477","title":{"rendered":"Convocatoria movilidad alumnado de 2\u00ba ESO Erasmus+ SCH a Francia 2024-2025"},"content":{"rendered":"\n<p>Estimadas familias del alumnado de 2\u00ba ESO,&nbsp;<\/p>\n\n\n\n<p>Les comunicamos la publicaci\u00f3n de la convocatoria&nbsp;Erasmus&nbsp;+ SCH a Francia por iPas\u00e9n, en la web del Jaroso, en el tabl\u00f3n de anuncios virtual, en el hall de la entrada del centro, RRSS y AMPA.<\/p>\n\n\n\n<p>&nbsp;A partir de ma\u00f1ana disponen de 10 d\u00edas&nbsp;para presentar la solicitud (a elegir entre el Formulario A o B) acompa\u00f1ada por la documentaci\u00f3n correspondiente. Parte de esta documentaci\u00f3n se puede encontrar en la web del IES Jaroso <a href=\"https:\/\/iesjaroso.es\/?page_id=4333\" target=\"_blank\" rel=\"noreferrer noopener\">https:\/\/iesjaroso.es\/?page_id=4333<\/a> , la dem\u00e1s es responsabilidad de la familia.<\/p>\n\n\n\n<p>Recordamos que, por falta de personal, la Administraci\u00f3n tiene un horario reducido: <strong>\u00a0lunes y mi\u00e9rcoles de 11 a 13 h.<\/strong><\/p>\n\n\n\n<p>&nbsp;Reciban un cordial saludo<\/p>\n\n\n\n<p>La Coordinaci\u00f3n Erasmus+ SCH<\/p>\n\n\n\n<p>D\u00aa Adriana Mar\u00eda Jup\u00eenean<\/p>\n\n\n\n<p>Email:acio394@g.educaand.es<\/p>\n\n\n\n<div data-wp-interactive=\"core\/file\" class=\"wp-block-file\"><object data-wp-bind--hidden=\"!state.hasPdfPreview\" hidden class=\"wp-block-file__embed\" data=\"https:\/\/iesjaroso.es\/wp-content\/uploads\/Convocatoria-ERASMUS-2o-ESO-a-Francia.pdf\" type=\"application\/pdf\" style=\"width:100%;height:600px\" aria-label=\"Incrustado de Convocatoria ERASMUS 2\u00ba ESO a Francia.\"><\/object><a id=\"wp-block-file--media-bde21e2a-8732-42f3-894f-0239e0deaa87\" href=\"https:\/\/iesjaroso.es\/wp-content\/uploads\/Convocatoria-ERASMUS-2o-ESO-a-Francia.pdf\">Convocatoria ERASMUS 2\u00ba ESO a Francia<\/a><a href=\"https:\/\/iesjaroso.es\/wp-content\/uploads\/Convocatoria-ERASMUS-2o-ESO-a-Francia.pdf\" class=\"wp-block-file__button wp-element-button\" download aria-describedby=\"wp-block-file--media-bde21e2a-8732-42f3-894f-0239e0deaa87\">Descarga<\/a><\/div>\n","protected":false},"excerpt":{"rendered":"<p>Estimadas familias del alumnado de 2\u00ba ESO,&nbsp; Les comunicamos la publicaci\u00f3n de la convocatoria&nbsp;Erasmus&nbsp;+ SCH a Francia por iPas\u00e9n, en la web del Jaroso, en el tabl\u00f3n de anuncios virtual, en el hall de la entrada del centro, RRSS y AMPA. &nbsp;A partir de ma\u00f1ana disponen de 10 d\u00edas&nbsp;para presentar la solicitud (a elegir entre [&hellip;]<\/p>\n","protected":false},"author":1,"featured_media":4479,"comment_status":"closed","ping_status":"open","sticky":false,"template":"","format":"standard","meta":{"footnotes":""},"categories":[36],"tags":[],"class_list":["post-4477","post","type-post","status-publish","format-standard","has-post-thumbnail","hentry","category-erasmus"],"_links":{"self":[{"href":"https:\/\/iesjaroso.es\/index.php?rest_route=\/wp\/v2\/posts\/4477","targetHints":{"allow":["GET"]}}],"collection":[{"href":"https:\/\/iesjaroso.es\/index.php?rest_route=\/wp\/v2\/posts"}],"about":[{"href":"https:\/\/iesjaroso.es\/index.php?rest_route=\/wp\/v2\/types\/post"}],"author":[{"embeddable":true,"href":"https:\/\/iesjaroso.es\/index.php?rest_route=\/wp\/v2\/users\/1"}],"replies":[{"embeddable":true,"href":"https:\/\/iesjaroso.es\/index.php?rest_route=%2Fwp%2Fv2%2Fcomments&post=4477"}],"version-history":[{"count":3,"href":"https:\/\/iesjaroso.es\/index.php?rest_route=\/wp\/v2\/posts\/4477\/revisions"}],"predecessor-version":[{"id":4486,"href":"https:\/\/iesjaroso.es\/index.php?rest_route=\/wp\/v2\/posts\/4477\/revisions\/4486"}],"wp:featuredmedia":[{"embeddable":true,"href":"https:\/\/iesjaroso.es\/index.php?rest_route=\/wp\/v2\/media\/4479"}],"wp:attachment":[{"href":"https:\/\/iesjaroso.es\/index.php?rest_route=%2Fwp%2Fv2%2Fmedia&parent=4477"}],"wp:term":[{"taxonomy":"category","embeddable":true,"href":"https:\/\/iesjaroso.es\/index.php?rest_route=%2Fwp%2Fv2%2Fcategories&post=4477"},{"taxonomy":"post_tag","embeddable":true,"href":"https:\/\/iesjaroso.es\/index.php?rest_route=%2Fwp%2Fv2%2Ftags&post=4477"}],"curies":[{"name":"wp","href":"https:\/\/api.w.org\/{rel}","templated":true}]}}