{"id":4643,"date":"2024-12-18T21:15:02","date_gmt":"2024-12-18T19:15:02","guid":{"rendered":"https:\/\/iesjaroso.es\/?p=4643"},"modified":"2024-12-18T21:15:02","modified_gmt":"2024-12-18T19:15:02","slug":"erasmus-a-italia-3o-eso-publicacion-modificacion-listado-baremo-definitivo","status":"publish","type":"post","link":"https:\/\/iesjaroso.es\/?p=4643","title":{"rendered":"Erasmus+ a Italia 3\u00ba ESO, publicaci\u00f3n modificaci\u00f3n listado baremo definitivo"},"content":{"rendered":"\n<p>Se informa a las familias del alumnado de 3\u00ba ESO candidato a una movilidad educativa europea Erasmus + a Italia que, debido a una renuncia imprevista,&nbsp; queda publicada la modificaci\u00f3n del acta del baremo definitivo del alumnado solicitante.<\/p>\n\n\n\n<p>Se informa que a partir de ma\u00f1ana&nbsp; se abre el periodo de dos d\u00edas de reclamaci\u00f3n: jueves, 19 de diciembre y viernes, 20 de diciembre.&nbsp;<\/p>\n\n\n\n<p>Reciban un cordial saludo<\/p>\n\n\n\n<p>Coordinadora Erasmus + SCH<\/p>\n\n\n\n<p>D\u00aa Adriana Mar\u00eda Jup\u00eenean\u021b<\/p>\n\n\n\n<p><a href=\"mailto:Email%3Aacio394@g.educaand.es\" target=\"_blank\" rel=\"noreferrer noopener\">Email:acio394@g.educaand.es<\/a><\/p>\n\n\n\n<div data-wp-interactive=\"core\/file\" class=\"wp-block-file\"><object data-wp-bind--hidden=\"!state.hasPdfPreview\" hidden class=\"wp-block-file__embed\" data=\"https:\/\/iesjaroso.es\/wp-content\/uploads\/Acta_modificacion_baremo_definitivo_Erasmus_3ESO.pdf\" type=\"application\/pdf\" style=\"width:100%;height:600px\" aria-label=\"Incrustado de Acta_modificaci\u00f3n_baremo_definitivo_Erasmus_3ESO.\"><\/object><a id=\"wp-block-file--media-cbe54682-aab2-4765-b576-4b0804ad85f5\" href=\"https:\/\/iesjaroso.es\/wp-content\/uploads\/Acta_modificacion_baremo_definitivo_Erasmus_3ESO.pdf\">Acta_modificaci\u00f3n_baremo_definitivo_Erasmus_3ESO<\/a><a href=\"https:\/\/iesjaroso.es\/wp-content\/uploads\/Acta_modificacion_baremo_definitivo_Erasmus_3ESO.pdf\" class=\"wp-block-file__button wp-element-button\" download aria-describedby=\"wp-block-file--media-cbe54682-aab2-4765-b576-4b0804ad85f5\">Descarga<\/a><\/div>\n","protected":false},"excerpt":{"rendered":"<p>Se informa a las familias del alumnado de 3\u00ba ESO candidato a una movilidad educativa europea Erasmus + a Italia que, debido a una renuncia imprevista,&nbsp; queda publicada la modificaci\u00f3n del acta del baremo definitivo del alumnado solicitante. Se informa que a partir de ma\u00f1ana&nbsp; se abre el periodo de dos d\u00edas de reclamaci\u00f3n: jueves, [&hellip;]<\/p>\n","protected":false},"author":1,"featured_media":4645,"comment_status":"closed","ping_status":"open","sticky":false,"template":"","format":"standard","meta":{"footnotes":""},"categories":[36],"tags":[],"class_list":["post-4643","post","type-post","status-publish","format-standard","has-post-thumbnail","hentry","category-erasmus"],"_links":{"self":[{"href":"https:\/\/iesjaroso.es\/index.php?rest_route=\/wp\/v2\/posts\/4643","targetHints":{"allow":["GET"]}}],"collection":[{"href":"https:\/\/iesjaroso.es\/index.php?rest_route=\/wp\/v2\/posts"}],"about":[{"href":"https:\/\/iesjaroso.es\/index.php?rest_route=\/wp\/v2\/types\/post"}],"author":[{"embeddable":true,"href":"https:\/\/iesjaroso.es\/index.php?rest_route=\/wp\/v2\/users\/1"}],"replies":[{"embeddable":true,"href":"https:\/\/iesjaroso.es\/index.php?rest_route=%2Fwp%2Fv2%2Fcomments&post=4643"}],"version-history":[{"count":1,"href":"https:\/\/iesjaroso.es\/index.php?rest_route=\/wp\/v2\/posts\/4643\/revisions"}],"predecessor-version":[{"id":4646,"href":"https:\/\/iesjaroso.es\/index.php?rest_route=\/wp\/v2\/posts\/4643\/revisions\/4646"}],"wp:featuredmedia":[{"embeddable":true,"href":"https:\/\/iesjaroso.es\/index.php?rest_route=\/wp\/v2\/media\/4645"}],"wp:attachment":[{"href":"https:\/\/iesjaroso.es\/index.php?rest_route=%2Fwp%2Fv2%2Fmedia&parent=4643"}],"wp:term":[{"taxonomy":"category","embeddable":true,"href":"https:\/\/iesjaroso.es\/index.php?rest_route=%2Fwp%2Fv2%2Fcategories&post=4643"},{"taxonomy":"post_tag","embeddable":true,"href":"https:\/\/iesjaroso.es\/index.php?rest_route=%2Fwp%2Fv2%2Ftags&post=4643"}],"curies":[{"name":"wp","href":"https:\/\/api.w.org\/{rel}","templated":true}]}}