{"id":4658,"date":"2024-12-21T23:28:18","date_gmt":"2024-12-21T21:28:18","guid":{"rendered":"https:\/\/iesjaroso.es\/?p=4658"},"modified":"2024-12-22T11:07:14","modified_gmt":"2024-12-22T09:07:14","slug":"erasmus-sch-acta-baremo-provisional-a-francia-2o-eso","status":"publish","type":"post","link":"https:\/\/iesjaroso.es\/?p=4658","title":{"rendered":"Erasmus+ SCH acta baremo provisional a Francia 2\u00ba ESO"},"content":{"rendered":"\n<p>Se hace p\u00fablico el acta del baremo provisional del alumnado de 2\u00ba ESO&nbsp; candidato a una movilidad educativa europea Erasmus+ SCH a Francia.&nbsp;<\/p>\n\n\n\n<p>A partir de lunes 23 de diciembre de 2024 se abre el periodo de dos d\u00edas de reclamaci\u00f3n: lunes, 23 de diciembre y jueves, 26 de diciembre.&nbsp;Las reclamaciones pueden ser presentadas a trav\u00e9s de la Ventanilla Electr\u00f3nica de la Administraci\u00f3n de la Junta de Andaluc\u00eda.<\/p>\n\n\n\n<p>Viernes 27 de diciembre se publicar\u00e1 el listado definitivo\u00a0del alumnado seleccionado.\u00a0<\/p>\n\n\n\n<div data-wp-interactive=\"core\/file\" class=\"wp-block-file\"><object data-wp-bind--hidden=\"!state.hasPdfPreview\" hidden class=\"wp-block-file__embed\" data=\"https:\/\/iesjaroso.es\/wp-content\/uploads\/Acta_baremo_provisional_Erasmus_SCH_2ESO.pdf\" type=\"application\/pdf\" style=\"width:100%;height:600px\" aria-label=\"Incrustado de Acta_baremo_provisional_Erasmus_SCH_2ESO.\"><\/object><a id=\"wp-block-file--media-0f45ac74-ec15-4ee4-8f8d-b50a590a42bc\" href=\"https:\/\/iesjaroso.es\/wp-content\/uploads\/Acta_baremo_provisional_Erasmus_SCH_2ESO.pdf\">Acta_baremo_provisional_Erasmus_SCH_2ESO<\/a><a href=\"https:\/\/iesjaroso.es\/wp-content\/uploads\/Acta_baremo_provisional_Erasmus_SCH_2ESO.pdf\" class=\"wp-block-file__button wp-element-button\" download aria-describedby=\"wp-block-file--media-0f45ac74-ec15-4ee4-8f8d-b50a590a42bc\">Descarga<\/a><\/div>\n","protected":false},"excerpt":{"rendered":"<p>Se hace p\u00fablico el acta del baremo provisional del alumnado de 2\u00ba ESO&nbsp; candidato a una movilidad educativa europea Erasmus+ SCH a Francia.&nbsp; A partir de lunes 23 de diciembre de 2024 se abre el periodo de dos d\u00edas de reclamaci\u00f3n: lunes, 23 de diciembre y jueves, 26 de diciembre.&nbsp;Las reclamaciones pueden ser presentadas a [&hellip;]<\/p>\n","protected":false},"author":1,"featured_media":4663,"comment_status":"closed","ping_status":"open","sticky":false,"template":"","format":"standard","meta":{"footnotes":""},"categories":[36],"tags":[],"class_list":["post-4658","post","type-post","status-publish","format-standard","has-post-thumbnail","hentry","category-erasmus"],"_links":{"self":[{"href":"https:\/\/iesjaroso.es\/index.php?rest_route=\/wp\/v2\/posts\/4658","targetHints":{"allow":["GET"]}}],"collection":[{"href":"https:\/\/iesjaroso.es\/index.php?rest_route=\/wp\/v2\/posts"}],"about":[{"href":"https:\/\/iesjaroso.es\/index.php?rest_route=\/wp\/v2\/types\/post"}],"author":[{"embeddable":true,"href":"https:\/\/iesjaroso.es\/index.php?rest_route=\/wp\/v2\/users\/1"}],"replies":[{"embeddable":true,"href":"https:\/\/iesjaroso.es\/index.php?rest_route=%2Fwp%2Fv2%2Fcomments&post=4658"}],"version-history":[{"count":4,"href":"https:\/\/iesjaroso.es\/index.php?rest_route=\/wp\/v2\/posts\/4658\/revisions"}],"predecessor-version":[{"id":4664,"href":"https:\/\/iesjaroso.es\/index.php?rest_route=\/wp\/v2\/posts\/4658\/revisions\/4664"}],"wp:featuredmedia":[{"embeddable":true,"href":"https:\/\/iesjaroso.es\/index.php?rest_route=\/wp\/v2\/media\/4663"}],"wp:attachment":[{"href":"https:\/\/iesjaroso.es\/index.php?rest_route=%2Fwp%2Fv2%2Fmedia&parent=4658"}],"wp:term":[{"taxonomy":"category","embeddable":true,"href":"https:\/\/iesjaroso.es\/index.php?rest_route=%2Fwp%2Fv2%2Fcategories&post=4658"},{"taxonomy":"post_tag","embeddable":true,"href":"https:\/\/iesjaroso.es\/index.php?rest_route=%2Fwp%2Fv2%2Ftags&post=4658"}],"curies":[{"name":"wp","href":"https:\/\/api.w.org\/{rel}","templated":true}]}}