{"id":4686,"date":"2025-01-10T14:08:12","date_gmt":"2025-01-10T12:08:12","guid":{"rendered":"https:\/\/iesjaroso.es\/?p=4686"},"modified":"2025-01-10T14:22:45","modified_gmt":"2025-01-10T12:22:45","slug":"convocatoria-movilidad-alumnado-de-educacion-especial-erasmus-sch-a-rumania-2024-2025","status":"publish","type":"post","link":"https:\/\/iesjaroso.es\/?p=4686","title":{"rendered":"Convocatoria movilidad alumnado de Educaci\u00f3n Especial Erasmus+ SCH a Ruman\u00eda 2024-2025"},"content":{"rendered":"\n<p>Estimadas familias del alumnado del Aula Espec\u00edfica de Educaci\u00f3n Especial,\u00a0<\/p>\n\n\n\n<p>Les comunicamos que est\u00e1 publicada la convocatoria\u00a0Erasmus+ SCH a Rumania por iPasen, en la web del Jaroso, en el tabl\u00f3n de anuncios virtual, en el hall de la entrada del centro, RRSS y AMPA.<\/p>\n\n\n\n<p>&nbsp;A partir de ma\u00f1ana disponen de 10 d\u00edas&nbsp;para presentar la solicitud (a elegir Formulario C) acompa\u00f1ada por la documentaci\u00f3n correspondiente. Parte de esta documentaci\u00f3n se puede encontrar en la web del IES Jaroso&nbsp;<a href=\"https:\/\/iesjaroso.es\/?page_id=4333\" target=\"_blank\" rel=\"noreferrer noopener\">https:\/\/iesjaroso.es\/?page_id=3676<\/a>&nbsp;, la dem\u00e1s es responsabilidad de la familia.<\/p>\n\n\n\n<p>Recordamos que, por falta de personal, la Administraci\u00f3n tiene el horario reducido:\u00a0<strong>\u00a0lunes y mi\u00e9rcoles de 11 a 13 h.<\/strong><\/p>\n\n\n\n<p>&nbsp;Reciban un cordial saludo,<\/p>\n\n\n\n<p>La Coordinaci\u00f3n Erasmus+ SCH<\/p>\n\n\n\n<p>D\u00aa Adriana Mar\u00eda Jup\u00eenean\u021b<\/p>\n\n\n\n<p><a href=\"mailto:Email%3Aacio394@g.educaand.es\" target=\"_blank\" rel=\"noreferrer noopener\">Email:acio394@g.educaand.es<\/a><\/p>\n\n\n\n<div data-wp-interactive=\"core\/file\" class=\"wp-block-file\"><object data-wp-bind--hidden=\"!state.hasPdfPreview\" hidden class=\"wp-block-file__embed\" data=\"https:\/\/iesjaroso.es\/wp-content\/uploads\/Convocatoria-ERASMUS-EE-Rumania.pdf\" type=\"application\/pdf\" style=\"width:100%;height:600px\" aria-label=\"Incrustado de Convocatoria ERASMUS EE-Ruman\u00eda.\"><\/object><a id=\"wp-block-file--media-d9b47e2c-dc23-4680-b84c-952d23069f2a\" href=\"https:\/\/iesjaroso.es\/wp-content\/uploads\/Convocatoria-ERASMUS-EE-Rumania.pdf\">Convocatoria ERASMUS EE-Ruman\u00eda<\/a><a href=\"https:\/\/iesjaroso.es\/wp-content\/uploads\/Convocatoria-ERASMUS-EE-Rumania.pdf\" class=\"wp-block-file__button wp-element-button\" download aria-describedby=\"wp-block-file--media-d9b47e2c-dc23-4680-b84c-952d23069f2a\">Descarga<\/a><\/div>\n","protected":false},"excerpt":{"rendered":"<p>Estimadas familias del alumnado del Aula Espec\u00edfica de Educaci\u00f3n Especial,\u00a0 Les comunicamos que est\u00e1 publicada la convocatoria\u00a0Erasmus+ SCH a Rumania por iPasen, en la web del Jaroso, en el tabl\u00f3n de anuncios virtual, en el hall de la entrada del centro, RRSS y AMPA. &nbsp;A partir de ma\u00f1ana disponen de 10 d\u00edas&nbsp;para presentar la solicitud [&hellip;]<\/p>\n","protected":false},"author":1,"featured_media":4691,"comment_status":"closed","ping_status":"open","sticky":false,"template":"","format":"standard","meta":{"footnotes":""},"categories":[36],"tags":[],"class_list":["post-4686","post","type-post","status-publish","format-standard","has-post-thumbnail","hentry","category-erasmus"],"_links":{"self":[{"href":"https:\/\/iesjaroso.es\/index.php?rest_route=\/wp\/v2\/posts\/4686","targetHints":{"allow":["GET"]}}],"collection":[{"href":"https:\/\/iesjaroso.es\/index.php?rest_route=\/wp\/v2\/posts"}],"about":[{"href":"https:\/\/iesjaroso.es\/index.php?rest_route=\/wp\/v2\/types\/post"}],"author":[{"embeddable":true,"href":"https:\/\/iesjaroso.es\/index.php?rest_route=\/wp\/v2\/users\/1"}],"replies":[{"embeddable":true,"href":"https:\/\/iesjaroso.es\/index.php?rest_route=%2Fwp%2Fv2%2Fcomments&post=4686"}],"version-history":[{"count":7,"href":"https:\/\/iesjaroso.es\/index.php?rest_route=\/wp\/v2\/posts\/4686\/revisions"}],"predecessor-version":[{"id":4695,"href":"https:\/\/iesjaroso.es\/index.php?rest_route=\/wp\/v2\/posts\/4686\/revisions\/4695"}],"wp:featuredmedia":[{"embeddable":true,"href":"https:\/\/iesjaroso.es\/index.php?rest_route=\/wp\/v2\/media\/4691"}],"wp:attachment":[{"href":"https:\/\/iesjaroso.es\/index.php?rest_route=%2Fwp%2Fv2%2Fmedia&parent=4686"}],"wp:term":[{"taxonomy":"category","embeddable":true,"href":"https:\/\/iesjaroso.es\/index.php?rest_route=%2Fwp%2Fv2%2Fcategories&post=4686"},{"taxonomy":"post_tag","embeddable":true,"href":"https:\/\/iesjaroso.es\/index.php?rest_route=%2Fwp%2Fv2%2Ftags&post=4686"}],"curies":[{"name":"wp","href":"https:\/\/api.w.org\/{rel}","templated":true}]}}