{"id":5052,"date":"2025-04-12T19:55:00","date_gmt":"2025-04-12T17:55:00","guid":{"rendered":"https:\/\/iesjaroso.es\/?p=5052"},"modified":"2025-04-20T20:35:07","modified_gmt":"2025-04-20T18:35:07","slug":"movilidad-docente-a-rumania-erasmus-sch","status":"publish","type":"post","link":"https:\/\/iesjaroso.es\/?p=5052","title":{"rendered":"Movilidad docente a Ruman\u00eda Erasmus+ SCH"},"content":{"rendered":"\n<p><img decoding=\"async\" height=\"16\" width=\"16\" src=\"https:\/\/static.xx.fbcdn.net\/images\/emoji.php\/v9\/tac\/1\/16\/1f4cc.png\" alt=\"&#x1f4cc;\">Durante la semana del 07 al 11 de abril, nuestro compa\u00f1ero Jes\u00fas Barreto Pestana ha realizado por primera vez una movilidad docente a tres centros docentes de la localidad de Timisoara (Ruman\u00eda), dentro de Erasmus+ SCH <img decoding=\"async\" height=\"16\" width=\"16\" src=\"https:\/\/static.xx.fbcdn.net\/images\/emoji.php\/v9\/t34\/1\/16\/1f1ea_1f1f8.png\" alt=\"&#x1f1ea;&#x1f1f8;\">, viviendo una experiencia inolvidable de docencia, impartiendo clases de Computaci\u00f3n y Rob\u00f3tica educativa en otras escuelas europeas<img decoding=\"async\" height=\"16\" width=\"16\" src=\"https:\/\/static.xx.fbcdn.net\/images\/emoji.php\/v9\/t39\/1\/16\/1f4e2.png\" alt=\"&#x1f4e2;\">.<\/p>\n\n\n\n<p><img decoding=\"async\" height=\"16\" width=\"16\" src=\"https:\/\/static.xx.fbcdn.net\/images\/emoji.php\/v9\/tac\/1\/16\/1f4cc.png\" alt=\"&#x1f4cc;\"> Podemos valorar esta experiencia como muy positiva y enriquecedora para todos, uniendo y compartiendo experiencias y conocimientos entre los centros docentes participantes.<\/p>\n\n\n\n<p><img decoding=\"async\" height=\"16\" width=\"16\" src=\"https:\/\/static.xx.fbcdn.net\/images\/emoji.php\/v9\/tac\/1\/16\/1f4cc.png\" alt=\"&#x1f4cc;\">Nuestro agradecimiento a todos los que han colaborado en esta movilidad, en nuestro centro sobre todo a nuestra coordinadora de Erasmus+ SCH Adriana Jupineant y sobre todo, al personal y alumnado de los tres centros educativos de Timisoara, Rumania: Liceul David Voniga, Liceul Pedag\u00f3gico Carmen Sylva y Escuela General Numero 7 \u201cSanta Mar\u00eda\u201d. Nuestro compa\u00f1ero agradece toda la hospitalidad y buen trato recibido por todos los centros implicados.<\/p>\n\n\n\n<p class=\"has-text-align-center\"> Liceul David Voniga<\/p>\n\n\n\n<figure class=\"wp-block-image size-large\"><img loading=\"lazy\" decoding=\"async\" width=\"1024\" height=\"462\" src=\"https:\/\/iesjaroso.es\/wp-content\/uploads\/20250407_103652-1024x462.jpg\" alt=\"\" class=\"wp-image-5053\" srcset=\"https:\/\/iesjaroso.es\/wp-content\/uploads\/20250407_103652-1024x462.jpg 1024w, https:\/\/iesjaroso.es\/wp-content\/uploads\/20250407_103652-300x135.jpg 300w, https:\/\/iesjaroso.es\/wp-content\/uploads\/20250407_103652-768x346.jpg 768w, https:\/\/iesjaroso.es\/wp-content\/uploads\/20250407_103652-1536x692.jpg 1536w, https:\/\/iesjaroso.es\/wp-content\/uploads\/20250407_103652-2048x923.jpg 2048w\" sizes=\"(max-width: 1024px) 100vw, 1024px\" \/><\/figure>\n\n\n\n<p class=\"has-text-align-center\">Liceul Pedag\u00f3gico Carmen Sylva<\/p>\n\n\n\n<figure class=\"wp-block-image size-large\"><img loading=\"lazy\" decoding=\"async\" width=\"1024\" height=\"576\" src=\"https:\/\/iesjaroso.es\/wp-content\/uploads\/IMG-20250408-WA0004-1024x576.jpg\" alt=\"\" class=\"wp-image-5054\" srcset=\"https:\/\/iesjaroso.es\/wp-content\/uploads\/IMG-20250408-WA0004-1024x576.jpg 1024w, https:\/\/iesjaroso.es\/wp-content\/uploads\/IMG-20250408-WA0004-300x169.jpg 300w, https:\/\/iesjaroso.es\/wp-content\/uploads\/IMG-20250408-WA0004-768x432.jpg 768w, https:\/\/iesjaroso.es\/wp-content\/uploads\/IMG-20250408-WA0004-1536x864.jpg 1536w, https:\/\/iesjaroso.es\/wp-content\/uploads\/IMG-20250408-WA0004.jpg 1600w\" sizes=\"(max-width: 1024px) 100vw, 1024px\" \/><\/figure>\n\n\n\n<p class=\"has-text-align-center\">Escuela General Numero 7 \u201cSanta Mar\u00eda\u201d<\/p>\n\n\n<div class=\"wp-block-image\">\n<figure class=\"aligncenter size-large\"><img loading=\"lazy\" decoding=\"async\" width=\"648\" height=\"1024\" src=\"https:\/\/iesjaroso.es\/wp-content\/uploads\/IMG-20250411-WA0019-1-648x1024.jpg\" alt=\"\" class=\"wp-image-5056\" srcset=\"https:\/\/iesjaroso.es\/wp-content\/uploads\/IMG-20250411-WA0019-1-648x1024.jpg 648w, https:\/\/iesjaroso.es\/wp-content\/uploads\/IMG-20250411-WA0019-1-190x300.jpg 190w, https:\/\/iesjaroso.es\/wp-content\/uploads\/IMG-20250411-WA0019-1-768x1213.jpg 768w, https:\/\/iesjaroso.es\/wp-content\/uploads\/IMG-20250411-WA0019-1.jpg 899w\" sizes=\"(max-width: 648px) 100vw, 648px\" \/><\/figure>\n<\/div>\n\n\n<p class=\"has-text-align-center\"><img decoding=\"async\" height=\"16\" width=\"16\" src=\"https:\/\/static.xx.fbcdn.net\/images\/emoji.php\/v9\/tac\/1\/16\/1f4cc.png\" alt=\"&#x1f4cc;\">Una experiencia muy enriquecedora!!<\/p>\n\n\n\n<p><img decoding=\"async\" height=\"16\" width=\"16\" src=\"https:\/\/static.xx.fbcdn.net\/images\/emoji.php\/v9\/tac\/1\/16\/1f4cc.png\" alt=\"&#x1f4cc;\">Nuestro Jaroso<img decoding=\"async\" height=\"16\" width=\"16\" src=\"https:\/\/static.xx.fbcdn.net\/images\/emoji.php\/v9\/t34\/1\/16\/1f1ea_1f1f8.png\" alt=\"&#x1f1ea;&#x1f1f8;\"> est\u00e1 en la red de centros europeos conectado a la realidad europea actual<img loading=\"lazy\" decoding=\"async\" height=\"16\" width=\"16\" src=\"https:\/\/static.xx.fbcdn.net\/images\/emoji.php\/v9\/tdd\/1\/16\/1f1ea_1f1fa.png\" alt=\"&#x1f1ea;&#x1f1fa;\">. Somos centro europeo Erasmus+.<\/p>\n\n\n\n<p class=\"has-text-align-center\"> <img loading=\"lazy\" decoding=\"async\" height=\"16\" width=\"16\" src=\"https:\/\/static.xx.fbcdn.net\/images\/emoji.php\/v9\/tf4\/1\/16\/2728.png\" alt=\"&#x2728;\"><img loading=\"lazy\" decoding=\"async\" height=\"16\" width=\"16\" src=\"https:\/\/static.xx.fbcdn.net\/images\/emoji.php\/v9\/tdd\/1\/16\/1f1ea_1f1fa.png\" alt=\"&#x1f1ea;&#x1f1fa;\"><img loading=\"lazy\" decoding=\"async\" height=\"16\" width=\"16\" src=\"https:\/\/static.xx.fbcdn.net\/images\/emoji.php\/v9\/tf4\/1\/16\/2728.png\" alt=\"&#x2728;\">!Erasmus + sigue enriqueciendo vidas y abre nuevos horizontes docentes! <img loading=\"lazy\" decoding=\"async\" height=\"16\" width=\"16\" src=\"https:\/\/static.xx.fbcdn.net\/images\/emoji.php\/v9\/tf4\/1\/16\/2728.png\" alt=\"&#x2728;\"><img loading=\"lazy\" decoding=\"async\" height=\"16\" width=\"16\" src=\"https:\/\/static.xx.fbcdn.net\/images\/emoji.php\/v9\/tdd\/1\/16\/1f1ea_1f1fa.png\" alt=\"&#x1f1ea;&#x1f1fa;\"><\/p>\n","protected":false},"excerpt":{"rendered":"<p>Durante la semana del 07 al 11 de abril, nuestro compa\u00f1ero Jes\u00fas Barreto Pestana ha realizado por primera vez una movilidad docente a tres centros docentes de la localidad de Timisoara (Ruman\u00eda), dentro de Erasmus+ SCH , viviendo una experiencia inolvidable de docencia, impartiendo clases de Computaci\u00f3n y Rob\u00f3tica educativa en otras escuelas europeas. Podemos [&hellip;]<\/p>\n","protected":false},"author":1,"featured_media":0,"comment_status":"closed","ping_status":"open","sticky":false,"template":"","format":"standard","meta":{"footnotes":""},"categories":[36],"tags":[56,57],"class_list":["post-5052","post","type-post","status-publish","format-standard","hentry","category-erasmus","tag-robotica","tag-roboticaiesjaroso"],"_links":{"self":[{"href":"https:\/\/iesjaroso.es\/index.php?rest_route=\/wp\/v2\/posts\/5052","targetHints":{"allow":["GET"]}}],"collection":[{"href":"https:\/\/iesjaroso.es\/index.php?rest_route=\/wp\/v2\/posts"}],"about":[{"href":"https:\/\/iesjaroso.es\/index.php?rest_route=\/wp\/v2\/types\/post"}],"author":[{"embeddable":true,"href":"https:\/\/iesjaroso.es\/index.php?rest_route=\/wp\/v2\/users\/1"}],"replies":[{"embeddable":true,"href":"https:\/\/iesjaroso.es\/index.php?rest_route=%2Fwp%2Fv2%2Fcomments&post=5052"}],"version-history":[{"count":4,"href":"https:\/\/iesjaroso.es\/index.php?rest_route=\/wp\/v2\/posts\/5052\/revisions"}],"predecessor-version":[{"id":5060,"href":"https:\/\/iesjaroso.es\/index.php?rest_route=\/wp\/v2\/posts\/5052\/revisions\/5060"}],"wp:attachment":[{"href":"https:\/\/iesjaroso.es\/index.php?rest_route=%2Fwp%2Fv2%2Fmedia&parent=5052"}],"wp:term":[{"taxonomy":"category","embeddable":true,"href":"https:\/\/iesjaroso.es\/index.php?rest_route=%2Fwp%2Fv2%2Fcategories&post=5052"},{"taxonomy":"post_tag","embeddable":true,"href":"https:\/\/iesjaroso.es\/index.php?rest_route=%2Fwp%2Fv2%2Ftags&post=5052"}],"curies":[{"name":"wp","href":"https:\/\/api.w.org\/{rel}","templated":true}]}}