{"id":5393,"date":"2025-10-30T19:21:55","date_gmt":"2025-10-30T17:21:55","guid":{"rendered":"https:\/\/iesjaroso.es\/?p=5393"},"modified":"2025-11-19T17:43:31","modified_gmt":"2025-11-19T15:43:31","slug":"plazo-de-solicitud-de-participacion-del-alumnado-de-eso-en-el-programa-investiga-y-descubre-2025-26-hasta-5-de-noviembre-de-2025","status":"publish","type":"post","link":"https:\/\/iesjaroso.es\/?p=5393","title":{"rendered":"Plazo de solicitud de participaci\u00f3n del alumnado de ESO en el Programa investiga y Descubre 2025-26, hasta 5 de noviembre de 2025"},"content":{"rendered":"\n<p>Estimada comunidad educativa,<\/p>\n\n\n\n<p>Informamos que hasta el mi\u00e9rcoles 05 de noviembre estar\u00e1 abierto el plazo de inscripciones para la participaci\u00f3n del alumnado en el proyecto: \u00abEduTech, aprovecha la inteligencia artificial\u00bb que desarrolla nuestro centro dentro del Programa Investiga y Descubre, destinado para el alumnado de ESO altamente motivado para el aprendizaje y dispuesto a descubrir su talento y potencial.<\/p>\n\n\n\n<p><a><\/a>El proyecto a desarrollar se enmarca dentro de las \u00e1reas de rob\u00f3tica, tecnolog\u00eda e inform\u00e1tica. Adem\u00e1s, este curso como novedad, parte del trabajo se har\u00e1 en colaboraci\u00f3n con un centro de secundaria de Timisoara (Ruman\u00eda) dentro de un proyecto eTwinning en com\u00fan.<\/p>\n\n\n\n<p>Si su hija\/o tiene inquietudes por profundizar sus conocimientos en estas \u00e1reas, le invitamos a que le anime a participar en este proyecto.<\/p>\n\n\n\n<p>El programa se desarrollar\u00e1 en 16 sesiones desde noviembre hasta junio cada 15 d\u00edas, los martes por la tarde de 16:00 a 19:00 horas.<\/p>\n\n\n\n<p>La resoluci\u00f3n definitiva del Programa muestra los proyectos disponibles. El alumnado puede solicitar participar en cualquiera de ellos, marcando hasta un m\u00e1ximo de tres proyectos en orden de preferencia.<\/p>\n\n\n\n<p>Si su hijo\/a desea participar en el programa debe entregar la solicitud (enviada por PASEN) y documentaci\u00f3n adicional (un documento de no m\u00e1s de seis folios donde el alumnado explique alguna experiencia anterior de profundizaci\u00f3n en este programa y su motivaci\u00f3n para participar, si no ha participado anteriormente, que describa la motivaci\u00f3n e inter\u00e9s para inscribirse en este proyecto o proyectos solicitados), en la administraci\u00f3n\/secretar\u00eda del centro, hasta el 05 de noviembre de 2025. Gracias!<\/p>\n\n\n\n<p><a href=\"https:\/\/www.juntadeandalucia.es\/educacion\/portales\/documents\/270701\/2654685\/Resolucio%C2%BFn%20definitiva%20Investiga%20y%20Descubre%202025-2026.pdf\/562a09aa-b3e8-e9c8-9c43-4787627574be?version=1.0\">https:\/\/www.juntadeandalucia.es\/&#8230;\/562a09aa-b3e8-e9c8&#8230;<\/a><\/p>\n\n\n<div class=\"wp-block-image\">\n<figure class=\"aligncenter size-full\"><img fetchpriority=\"high\" decoding=\"async\" width=\"435\" height=\"364\" src=\"https:\/\/iesjaroso.es\/wp-content\/uploads\/Logo_TechEdu.png\" alt=\"\" class=\"wp-image-5394\" srcset=\"https:\/\/iesjaroso.es\/wp-content\/uploads\/Logo_TechEdu.png 435w, https:\/\/iesjaroso.es\/wp-content\/uploads\/Logo_TechEdu-300x251.png 300w\" sizes=\"(max-width: 435px) 100vw, 435px\" \/><\/figure>\n<\/div>","protected":false},"excerpt":{"rendered":"<p>Estimada comunidad educativa, Informamos que hasta el mi\u00e9rcoles 05 de noviembre estar\u00e1 abierto el plazo de inscripciones para la participaci\u00f3n del alumnado en el proyecto: \u00abEduTech, aprovecha la inteligencia artificial\u00bb que desarrolla nuestro centro dentro del Programa Investiga y Descubre, destinado para el alumnado de ESO altamente motivado para el aprendizaje y dispuesto a descubrir [&hellip;]<\/p>\n","protected":false},"author":1,"featured_media":5394,"comment_status":"closed","ping_status":"open","sticky":false,"template":"","format":"standard","meta":{"footnotes":""},"categories":[20,21,22],"tags":[],"class_list":["post-5393","post","type-post","status-publish","format-standard","has-post-thumbnail","hentry","category-profundiza","category-proyectos","category-robotica"],"_links":{"self":[{"href":"https:\/\/iesjaroso.es\/index.php?rest_route=\/wp\/v2\/posts\/5393","targetHints":{"allow":["GET"]}}],"collection":[{"href":"https:\/\/iesjaroso.es\/index.php?rest_route=\/wp\/v2\/posts"}],"about":[{"href":"https:\/\/iesjaroso.es\/index.php?rest_route=\/wp\/v2\/types\/post"}],"author":[{"embeddable":true,"href":"https:\/\/iesjaroso.es\/index.php?rest_route=\/wp\/v2\/users\/1"}],"replies":[{"embeddable":true,"href":"https:\/\/iesjaroso.es\/index.php?rest_route=%2Fwp%2Fv2%2Fcomments&post=5393"}],"version-history":[{"count":1,"href":"https:\/\/iesjaroso.es\/index.php?rest_route=\/wp\/v2\/posts\/5393\/revisions"}],"predecessor-version":[{"id":5395,"href":"https:\/\/iesjaroso.es\/index.php?rest_route=\/wp\/v2\/posts\/5393\/revisions\/5395"}],"wp:featuredmedia":[{"embeddable":true,"href":"https:\/\/iesjaroso.es\/index.php?rest_route=\/wp\/v2\/media\/5394"}],"wp:attachment":[{"href":"https:\/\/iesjaroso.es\/index.php?rest_route=%2Fwp%2Fv2%2Fmedia&parent=5393"}],"wp:term":[{"taxonomy":"category","embeddable":true,"href":"https:\/\/iesjaroso.es\/index.php?rest_route=%2Fwp%2Fv2%2Fcategories&post=5393"},{"taxonomy":"post_tag","embeddable":true,"href":"https:\/\/iesjaroso.es\/index.php?rest_route=%2Fwp%2Fv2%2Ftags&post=5393"}],"curies":[{"name":"wp","href":"https:\/\/api.w.org\/{rel}","templated":true}]}}