{"id":714,"date":"2017-01-22T10:51:58","date_gmt":"2017-01-22T10:51:58","guid":{"rendered":"https:\/\/iesjaroso.es\/?p=714"},"modified":"2017-02-22T16:34:10","modified_gmt":"2017-02-22T16:34:10","slug":"andalucia-profundiza-2017-en-el-ies-jaroso","status":"publish","type":"post","link":"https:\/\/iesjaroso.es\/?p=714","title":{"rendered":"Andaluc\u00eda Profundiza 2017 en el IES Jaroso"},"content":{"rendered":"<div class=\"\" data-block=\"true\" data-editor=\"7aha\" data-offset-key=\"8o4be-0-0\">\n<div class=\"_1mf _1mj\" data-offset-key=\"8o4be-0-0\"><img decoding=\"async\" class=\"alignnone size-medium aligncenter\" src=\"http:\/\/profundiza.org\/wp-content\/uploads\/2014\/01\/logo-andalucia-profundiza-header.png\" alt=\"\" width=\"254\" height=\"96\" \/><\/div>\n<div class=\"_1mf _1mj\" data-offset-key=\"8o4be-0-0\">Abierto el plazo para solicitar participar con el programa de Andaluc\u00eda Profundiza. Al igual que en cursos anteriores por quinto a\u00f1o consecutivo, se solicitar\u00e1 nuestra participaci\u00f3n que estar\u00e1 abierta al alumnado de la E.S.O. y Primaria (de 3\u00ba a 6\u00ba curso) de la comarca que por su trayectoria y experiencia<\/div>\n<\/div>\n<div class=\"\" data-block=\"true\" data-editor=\"7aha\" data-offset-key=\"6mh0o-0-0\">\n<div class=\"_1mf _1mj\" data-offset-key=\"6mh0o-0-0\"><span data-offset-key=\"6mh0o-0-0\"><span data-text=\"true\">acad\u00e9mica demuestre inter\u00e9s por realizar un proyecto de investigaci\u00f3n fuera del horario lectivo.<\/span><\/span><\/div>\n<\/div>\n<div class=\"\" data-block=\"true\" data-editor=\"7aha\" data-offset-key=\"f1g3l-0-0\">\n<div class=\"_1mf _1mj\" data-offset-key=\"f1g3l-0-0\"><span data-offset-key=\"f1g3l-0-0\">\u00a0<\/span><\/div>\n<\/div>\n<div class=\"\" data-block=\"true\" data-editor=\"7aha\" data-offset-key=\"4ihsa-0-0\">\n<div class=\"_1mf _1mj\" data-offset-key=\"4ihsa-0-0\"><span data-offset-key=\"4ihsa-0-0\"><span data-text=\"true\">Rob\u00f3tica IES Jaroso presentar\u00e1 una propuesta de proyecto de investigaci\u00f3n. Si est\u00e1s interesado en participar con nosotros puedes ponerte en contacto a trav\u00e9s de roboticaiesjaroso@gmail.com<\/span><\/span><\/div>\n<\/div>\n<div class=\"\" data-block=\"true\" data-editor=\"7aha\" data-offset-key=\"3vfi0-0-0\">\n<div class=\"_1mf _1mj\" data-offset-key=\"3vfi0-0-0\"><span data-offset-key=\"3vfi0-0-0\">\u00a0<\/span><\/div>\n<\/div>\n<div class=\"\" data-block=\"true\" data-editor=\"7aha\" data-offset-key=\"1m3k7-0-0\">\n<div class=\"_1mf _1mj\" data-offset-key=\"1m3k7-0-0\"><span data-offset-key=\"1m3k7-0-0\"><span data-text=\"true\">Os invitamos a participar!!!!!!!<\/span><\/span><\/div>\n<div class=\"_1mf _1mj\" data-offset-key=\"1m3k7-0-0\">\u00a0\u00a0<img fetchpriority=\"high\" decoding=\"async\" class=\"size-medium aligncenter\" src=\"http:\/\/4.bp.blogspot.com\/-aaKpbZzu1sQ\/VO9z2rP4mDI\/AAAAAAAAA3k\/XrKdq1N-sK8\/s1600\/logotipos.gif\" alt=\"\" width=\"300\" height=\"432\" \/><\/div>\n<\/div>\n","protected":false},"excerpt":{"rendered":"<p>Abierto el plazo para solicitar participar con el programa de Andaluc\u00eda Profundiza. Al igual que en cursos anteriores por quinto a\u00f1o consecutivo, se solicitar\u00e1 nuestra participaci\u00f3n que estar\u00e1 abierta al alumnado de la E.S.O. y Primaria (de 3\u00ba a 6\u00ba curso) de la comarca que por su trayectoria y experiencia acad\u00e9mica demuestre inter\u00e9s por realizar [&hellip;]<\/p>\n","protected":false},"author":1,"featured_media":0,"comment_status":"closed","ping_status":"open","sticky":false,"template":"","format":"standard","meta":{"footnotes":""},"categories":[20],"tags":[],"class_list":["post-714","post","type-post","status-publish","format-standard","hentry","category-profundiza"],"_links":{"self":[{"href":"https:\/\/iesjaroso.es\/index.php?rest_route=\/wp\/v2\/posts\/714","targetHints":{"allow":["GET"]}}],"collection":[{"href":"https:\/\/iesjaroso.es\/index.php?rest_route=\/wp\/v2\/posts"}],"about":[{"href":"https:\/\/iesjaroso.es\/index.php?rest_route=\/wp\/v2\/types\/post"}],"author":[{"embeddable":true,"href":"https:\/\/iesjaroso.es\/index.php?rest_route=\/wp\/v2\/users\/1"}],"replies":[{"embeddable":true,"href":"https:\/\/iesjaroso.es\/index.php?rest_route=%2Fwp%2Fv2%2Fcomments&post=714"}],"version-history":[{"count":1,"href":"https:\/\/iesjaroso.es\/index.php?rest_route=\/wp\/v2\/posts\/714\/revisions"}],"predecessor-version":[{"id":715,"href":"https:\/\/iesjaroso.es\/index.php?rest_route=\/wp\/v2\/posts\/714\/revisions\/715"}],"wp:attachment":[{"href":"https:\/\/iesjaroso.es\/index.php?rest_route=%2Fwp%2Fv2%2Fmedia&parent=714"}],"wp:term":[{"taxonomy":"category","embeddable":true,"href":"https:\/\/iesjaroso.es\/index.php?rest_route=%2Fwp%2Fv2%2Fcategories&post=714"},{"taxonomy":"post_tag","embeddable":true,"href":"https:\/\/iesjaroso.es\/index.php?rest_route=%2Fwp%2Fv2%2Ftags&post=714"}],"curies":[{"name":"wp","href":"https:\/\/api.w.org\/{rel}","templated":true}]}}