{"id":843,"date":"2017-04-27T14:25:15","date_gmt":"2017-04-27T14:25:15","guid":{"rendered":"https:\/\/iesjaroso.es\/?p=843"},"modified":"2017-04-30T06:28:09","modified_gmt":"2017-04-30T06:28:09","slug":"inaugurada-la-iii-feria-de-formacion-profesional-26-y-27-de-abril-2017","status":"publish","type":"post","link":"https:\/\/iesjaroso.es\/?p=843","title":{"rendered":"Inaugurada la III Feria de Formaci\u00f3n Profesional &#8211; 26 y 27 de abril 2017"},"content":{"rendered":"<p>La III Feria de Formaci\u00f3n profesional del Levante Almeriense fue inaugurada con la presencia de la Delegada de Educaci\u00f3n D\u00aa Francisca Fern\u00e1ndez Ortega, el Alcalde de Cuevas del Almanzora D. Antonio Fern\u00e1ndez Liria, la directora del CEP de Cuevas-Olula D\u00aa Maria Luisa De Haro, el director del I.E.S. Jaroso D. Daniel Campos, D\u00aa Maribel Alarc\u00f3n re<span class=\"text_exposed_show\">sponsable del desarrollo econ\u00f3mico del Ayuntamiento de Cuevas del Almanzora, D\u00aa Ana Mari Castro, Concejala de Educaci\u00f3n del Ayuntamiento de Cuevas del Almanzora, D\u00aa Mar\u00eda Mart\u00ednez Alarc\u00f3n, responsable de Formaci\u00f3n de la Delegaci\u00f3n Territorial de Almer\u00eda, D. Javier Bascu\u00f1ana, responsable de FP de la Delegaci\u00f3n Territorial de Educaci\u00f3n de Almer\u00eda y D. Manuel Nieto, Asesor de Formaci\u00f3n Profesional del CEP Cuevas-Olula<\/span><\/p>\n<p>Autoridades acompa\u00f1adas por D. Julio D\u00edaz profesor del Ciclo de Instalaciones de Telecomunicaciones del IES Jaroso y principal organizador a\u00f1o tras a\u00f1o de esta feria de F.P.<\/p>\n<p><img fetchpriority=\"high\" decoding=\"async\" class=\" wp-image-844 aligncenter\" src=\"https:\/\/iesjaroso.es\/wp-content\/uploads\/CuevasFeriaFPinaugracion2017-300x225.jpg\" alt=\"\" width=\"343\" height=\"257\" srcset=\"https:\/\/iesjaroso.es\/wp-content\/uploads\/CuevasFeriaFPinaugracion2017-300x225.jpg 300w, https:\/\/iesjaroso.es\/wp-content\/uploads\/CuevasFeriaFPinaugracion2017.jpg 470w\" sizes=\"(max-width: 343px) 100vw, 343px\" \/><\/p>\n<p>Durante las jornadas de la feria se realizar\u00e1n actividades dirigidas al alumnado, docentes y p\u00fablico en general.<\/p>\n","protected":false},"excerpt":{"rendered":"<p>La III Feria de Formaci\u00f3n profesional del Levante Almeriense fue inaugurada con la presencia de la Delegada de Educaci\u00f3n D\u00aa Francisca Fern\u00e1ndez Ortega, el Alcalde de Cuevas del Almanzora D. Antonio Fern\u00e1ndez Liria, la directora del CEP de Cuevas-Olula D\u00aa Maria Luisa De Haro, el director del I.E.S. Jaroso D. Daniel Campos, D\u00aa Maribel Alarc\u00f3n [&hellip;]<\/p>\n","protected":false},"author":1,"featured_media":0,"comment_status":"closed","ping_status":"open","sticky":false,"template":"","format":"standard","meta":{"footnotes":""},"categories":[6,15],"tags":[],"class_list":["post-843","post","type-post","status-publish","format-standard","hentry","category-ciclos-formativos","category-feria-fp"],"_links":{"self":[{"href":"https:\/\/iesjaroso.es\/index.php?rest_route=\/wp\/v2\/posts\/843","targetHints":{"allow":["GET"]}}],"collection":[{"href":"https:\/\/iesjaroso.es\/index.php?rest_route=\/wp\/v2\/posts"}],"about":[{"href":"https:\/\/iesjaroso.es\/index.php?rest_route=\/wp\/v2\/types\/post"}],"author":[{"embeddable":true,"href":"https:\/\/iesjaroso.es\/index.php?rest_route=\/wp\/v2\/users\/1"}],"replies":[{"embeddable":true,"href":"https:\/\/iesjaroso.es\/index.php?rest_route=%2Fwp%2Fv2%2Fcomments&post=843"}],"version-history":[{"count":3,"href":"https:\/\/iesjaroso.es\/index.php?rest_route=\/wp\/v2\/posts\/843\/revisions"}],"predecessor-version":[{"id":850,"href":"https:\/\/iesjaroso.es\/index.php?rest_route=\/wp\/v2\/posts\/843\/revisions\/850"}],"wp:attachment":[{"href":"https:\/\/iesjaroso.es\/index.php?rest_route=%2Fwp%2Fv2%2Fmedia&parent=843"}],"wp:term":[{"taxonomy":"category","embeddable":true,"href":"https:\/\/iesjaroso.es\/index.php?rest_route=%2Fwp%2Fv2%2Fcategories&post=843"},{"taxonomy":"post_tag","embeddable":true,"href":"https:\/\/iesjaroso.es\/index.php?rest_route=%2Fwp%2Fv2%2Ftags&post=843"}],"curies":[{"name":"wp","href":"https:\/\/api.w.org\/{rel}","templated":true}]}}